{"id":37977,"date":"2023-12-12T12:03:14","date_gmt":"2023-12-12T11:03:14","guid":{"rendered":"https:\/\/www.navailles.fr\/?p=37977"},"modified":"2024-01-10T10:53:00","modified_gmt":"2024-01-10T09:53:00","slug":"fauteuil-de-prelevement","status":"publish","type":"post","link":"https:\/\/www.navailles.fr\/en\/fauteuil-de-prelevement\/","title":{"rendered":"Theia par Navailles : L&rsquo;Excellence en Fauteuil de Pr\u00e9l\u00e8vement"},"content":{"rendered":"<p>Chez Navailles, nous comprenons l&rsquo;importance cruciale d&rsquo;un \u00e9quipement m\u00e9dical de qualit\u00e9, notamment les fauteuils de pr\u00e9l\u00e8vement, dans le domaine de la sant\u00e9. Ces fauteuils, con\u00e7us avec une ergonomie sp\u00e9cifique, sont essentiels pour assurer le confort et la s\u00e9curit\u00e9 des patients lors de proc\u00e9dures m\u00e9dicales telles que les pr\u00e9l\u00e8vements sanguins, les frottis, ou m\u00eame des traitements plus longs comme l&rsquo;h\u00e9modialyse.<\/p>\n\n\n\n<h2 class=\"wp-block-heading\"><strong><strong>L&rsquo;importance des fauteuils de pr\u00e9l\u00e8vement dans le secteur de la sant\u00e9<\/strong><\/strong><\/h2>\n\n\n\n<div class=\"wp-block-columns is-layout-flex wp-container-core-columns-is-layout-28f84493 wp-block-columns-is-layout-flex\">\n<div class=\"wp-block-column is-vertically-aligned-center is-layout-flow wp-block-column-is-layout-flow\" style=\"flex-basis:44%\">\n<div class=\"wp-block-image\"><figure class=\"aligncenter size-large\"><img fetchpriority=\"high\" decoding=\"async\" width=\"1024\" height=\"768\" src=\"https:\/\/www.navailles.fr\/wp-content\/uploads\/2023\/12\/accoudoirs_prelevement_sanguin_fauteuil_me\u0301dicalise\u0301_theia_Navailles-1024x768.jpg\" alt=\"\" class=\"wp-image-37999\" srcset=\"https:\/\/www.navailles.fr\/wp-content\/uploads\/2023\/12\/accoudoirs_prelevement_sanguin_fauteuil_me\u0301dicalise\u0301_theia_Navailles-1024x768.jpg 1024w, https:\/\/www.navailles.fr\/wp-content\/uploads\/2023\/12\/accoudoirs_prelevement_sanguin_fauteuil_me\u0301dicalise\u0301_theia_Navailles-300x225.jpg 300w, https:\/\/www.navailles.fr\/wp-content\/uploads\/2023\/12\/accoudoirs_prelevement_sanguin_fauteuil_me\u0301dicalise\u0301_theia_Navailles-768x576.jpg 768w, https:\/\/www.navailles.fr\/wp-content\/uploads\/2023\/12\/accoudoirs_prelevement_sanguin_fauteuil_me\u0301dicalise\u0301_theia_Navailles-1536x1152.jpg 1536w, https:\/\/www.navailles.fr\/wp-content\/uploads\/2023\/12\/accoudoirs_prelevement_sanguin_fauteuil_me\u0301dicalise\u0301_theia_Navailles-16x12.jpg 16w, https:\/\/www.navailles.fr\/wp-content\/uploads\/2023\/12\/accoudoirs_prelevement_sanguin_fauteuil_me\u0301dicalise\u0301_theia_Navailles-1200x900.jpg 1200w, https:\/\/www.navailles.fr\/wp-content\/uploads\/2023\/12\/accoudoirs_prelevement_sanguin_fauteuil_me\u0301dicalise\u0301_theia_Navailles.jpg 2048w\" sizes=\"(max-width: 1024px) 100vw, 1024px\" \/><\/figure><\/div>\n<\/div>\n\n\n\n<div class=\"wp-block-column is-layout-flow wp-block-column-is-layout-flow\" style=\"flex-basis:66.66%\">\n<p><strong>Confort et S\u00e9curit\u00e9 du Patient :<\/strong> Les fauteuils de pr\u00e9l\u00e8vement sont sp\u00e9cialement con\u00e7us pour offrir un confort optimal aux patients lors de proc\u00e9dures m\u00e9dicales. Un rembourrage \u00e9pais et ergonomique, des appuie-t\u00eates ajustables et des accoudoirs modulables contribuent \u00e0 r\u00e9duire l&rsquo;anxi\u00e9t\u00e9 et \u00e0 augmenter le confort, surtout lors de proc\u00e9dures potentiellement stressantes comme les pr\u00e9l\u00e8vements sanguins.<br><br><strong>Efficacit\u00e9 pour le Personnel M\u00e9dical :<\/strong> Ces fauteuils facilitent le travail des professionnels de sant\u00e9. Avec des caract\u00e9ristiques telles que la hauteur r\u00e9glable et des parties modulables, ils permettent une accessibilit\u00e9 et une maniabilit\u00e9 accrues, essentielles pour des pr\u00e9l\u00e8vements pr\u00e9cis et efficaces.<br><br><strong>Adaptabilit\u00e9 aux Besoins Divers :<\/strong> Que ce soit pour des pr\u00e9l\u00e8vements sanguins, des frottis ou des traitements de longue dur\u00e9e comme l&rsquo;h\u00e9modialyse, ces fauteuils offrent une adaptabilit\u00e9 remarquable. Des mod\u00e8les avec des syst\u00e8mes hydrauliques ou \u00e9lectriques sont disponibles pour r\u00e9pondre aux besoins sp\u00e9cifiques de chaque patient, y compris ceux \u00e0 mobilit\u00e9 r\u00e9duite.<br><br><strong>Hygi\u00e8ne et Maintenance :<\/strong> L&rsquo;hygi\u00e8ne est primordiale dans tout \u00e9tablissement de sant\u00e9. Les fauteuils de pr\u00e9l\u00e8vement sont con\u00e7us avec des mat\u00e9riaux faciles \u00e0 nettoyer et \u00e0 d\u00e9sinfecter, garantissant ainsi un environnement sain et s\u00e9curis\u00e9 pour chaque patient.<br><br><strong>Personnalisation et Int\u00e9gration :<\/strong> Disponibles dans une vari\u00e9t\u00e9 de mod\u00e8les et de coloris, ces fauteuils peuvent \u00eatre personnalis\u00e9s pour s&rsquo;harmoniser avec l&rsquo;environnement et l&rsquo;ambiance de chaque \u00e9tablissement m\u00e9dical, contribuant ainsi \u00e0 une exp\u00e9rience patient globalement positive.<\/p>\n<\/div>\n<\/div>\n\n\n\n<p>En r\u00e9sum\u00e9, les fauteuils de pr\u00e9l\u00e8vement jouent un r\u00f4le crucial dans le domaine m\u00e9dical. Ils ne sont pas seulement des pi\u00e8ces d&rsquo;\u00e9quipement fonctionnelles ; ils repr\u00e9sentent un engagement envers le confort, la s\u00e9curit\u00e9 et l&rsquo;efficacit\u00e9 des soins prodigu\u00e9s. Choisir le bon fauteuil de pr\u00e9l\u00e8vement, c&rsquo;est investir dans la qualit\u00e9 des soins et le bien-\u00eatre des patients.<\/p>\n\n\n\n<h2 class=\"wp-block-heading\"><strong>Ergonomie et Confort : Les Atouts du Fauteuil de pr\u00e9l\u00e8vement Theia<\/strong><\/h2>\n\n\n\n<div style=\"height:35px\" aria-hidden=\"true\" class=\"wp-block-spacer\"><\/div>\n\n\n\n<h3 class=\"wp-block-heading\"><strong>Adaptabilit\u00e9 aux Diff\u00e9rentes Morphologies<\/strong><\/h3>\n\n\n\n<p>Chez Navailles, nous sommes fiers de pr\u00e9senter Theia, un fauteuil de pr\u00e9l\u00e8vement aux formes g\u00e9n\u00e9reuses con\u00e7u pour accueillir toutes les morphologies. Sa capacit\u00e9 \u00e0 supporter des patients jusqu&rsquo;\u00e0 165 kg t\u00e9moigne de notre engagement \u00e0 offrir un confort et un positionnement optimaux, dans des conditions s\u00e9curis\u00e9es et ergonomiques. Theia est la r\u00e9ponse parfaite aux besoins vari\u00e9s des \u00e9tablissements m\u00e9dicaux.<\/p>\n\n\n\n<h3 class=\"wp-block-heading\"><strong>R\u00e9glages Faciles pour un Confort Patient Maximis\u00e9<\/strong><\/h3>\n\n\n\n<p>Les accoudoirs de Theia, con\u00e7us pour offrir une flexibilit\u00e9 maximale, sont un \u00e9l\u00e9ment cl\u00e9 de son ergonomie. R\u00e9glables en hauteur et en orientation, ils sont \u00e9quip\u00e9s d&rsquo;une manchette en PU sur rotule multi-orientation, permettant un ajustement pr\u00e9cis pour chaque patient. Cette fonctionnalit\u00e9 assure non seulement un confort accru, mais facilite \u00e9galement les proc\u00e9dures de pr\u00e9l\u00e8vement, rendant l&rsquo;exp\u00e9rience moins stressante pour le patient et plus efficace pour le professionnel de sant\u00e9.<\/p>\n\n\n\n<figure class=\"wp-block-embed aligncenter is-type-video is-provider-youtube wp-block-embed-youtube wp-embed-aspect-16-9 wp-has-aspect-ratio\"><div class=\"wp-block-embed__wrapper\">\n<div class=\"ast-oembed-container\" style=\"height: 100%;\"><iframe title=\"Th\u00e9ia, le fauteuil de pr\u00e9l\u00e8vement (et Made in France) !\" width=\"500\" height=\"281\" src=\"https:\/\/www.youtube.com\/embed\/ngZwRJ0RPy8?feature=oembed\" frameborder=\"0\" allow=\"accelerometer; autoplay; clipboard-write; encrypted-media; gyroscope; picture-in-picture; web-share\" referrerpolicy=\"strict-origin-when-cross-origin\" allowfullscreen><\/iframe><\/div>\n<\/div><\/figure>\n\n\n\n<h2 class=\"wp-block-heading\"><strong>Fonctionnalit\u00e9s du fauteuil de pr\u00e9l\u00e8vement Theia de Navailles<\/strong><\/h2>\n\n\n\n<div style=\"height:35px\" aria-hidden=\"true\" class=\"wp-block-spacer\"><\/div>\n\n\n\n<p>Theia est un fauteuil de pr\u00e9l\u00e8vements con\u00e7u pour et avec les professionnels de sant\u00e9. Sa conception r\u00e9pond aux exigences des \u00e9tablissements hospitaliers et cliniques, offrant une adaptabilit\u00e9 et des fonctionnalit\u00e9s qui facilitent les proc\u00e9dures m\u00e9dicales.<\/p>\n\n\n\n<h3 class=\"wp-block-heading\"><strong>Un fauteuil de pr\u00e9l\u00e8vement infirmier con\u00e7u pour Diverses Proc\u00e9dures M\u00e9dicales<\/strong><\/h3>\n\n\n\n<p>Il se d\u00e9cline en versions \u00e0<a href=\"https:\/\/www.navailles.fr\/en\/product\/theia\/\"> hauteur fixe<\/a> ou <a href=\"https:\/\/www.navailles.fr\/en\/product\/theia-hauteur-variable\/\">variable<\/a> avec assistance \u00e9lectrique, offrant une flexibilit\u00e9 in\u00e9gal\u00e9e pour diverses proc\u00e9dures m\u00e9dicales. <\/p>\n\n\n\n<p>Cette polyvalence fait de Theia un choix privil\u00e9gi\u00e9 pour les professionnels de sant\u00e9, assurant une adaptabilit\u00e9 parfaite \u00e0 chaque situation.<\/p>\n\n\n\n<h3 class=\"wp-block-heading\"><strong>Accessoires et Options pour une Exp\u00e9rience Patient Am\u00e9lior\u00e9e<\/strong><\/h3>\n\n\n\n<p>Ce fauteuil de pr\u00e9l\u00e8vement infirmier est \u00e9quip\u00e9 d&rsquo;une gamme d&rsquo;accessoires et d&rsquo;options con\u00e7us pour am\u00e9liorer l&rsquo;exp\u00e9rience patient : appui-t\u00eate, porte-rouleau, protection hygi\u00e9nique transparente, bo\u00eete porte-seringue, plateau inox, aide au relevage, \u00e9trier, tige porte-s\u00e9rum, support poubelle, support bol, et inclinaison synchronis\u00e9e ou ind\u00e9pendante. Ces fonctionnalit\u00e9s t\u00e9moignent de notre engagement \u00e0 fournir une exp\u00e9rience patient compl\u00e8te et personnalis\u00e9e.<\/p>\n\n\n\n<div class=\"wp-block-columns is-layout-flex wp-container-core-columns-is-layout-28f84493 wp-block-columns-is-layout-flex\">\n<div class=\"wp-block-column is-layout-flow wp-block-column-is-layout-flow\">\n<figure class=\"wp-block-image size-large\"><img decoding=\"async\" width=\"1024\" height=\"768\" src=\"https:\/\/www.navailles.fr\/wp-content\/uploads\/2023\/12\/fauteuil_de_prelevement_infirmier_accessoirise\u0301s_theia_Navailles-1024x768.jpg\" alt=\"\" class=\"wp-image-37982\" srcset=\"https:\/\/www.navailles.fr\/wp-content\/uploads\/2023\/12\/fauteuil_de_prelevement_infirmier_accessoirise\u0301s_theia_Navailles-1024x768.jpg 1024w, https:\/\/www.navailles.fr\/wp-content\/uploads\/2023\/12\/fauteuil_de_prelevement_infirmier_accessoirise\u0301s_theia_Navailles-300x225.jpg 300w, https:\/\/www.navailles.fr\/wp-content\/uploads\/2023\/12\/fauteuil_de_prelevement_infirmier_accessoirise\u0301s_theia_Navailles-768x576.jpg 768w, https:\/\/www.navailles.fr\/wp-content\/uploads\/2023\/12\/fauteuil_de_prelevement_infirmier_accessoirise\u0301s_theia_Navailles-1536x1152.jpg 1536w, https:\/\/www.navailles.fr\/wp-content\/uploads\/2023\/12\/fauteuil_de_prelevement_infirmier_accessoirise\u0301s_theia_Navailles-16x12.jpg 16w, https:\/\/www.navailles.fr\/wp-content\/uploads\/2023\/12\/fauteuil_de_prelevement_infirmier_accessoirise\u0301s_theia_Navailles-1200x900.jpg 1200w, https:\/\/www.navailles.fr\/wp-content\/uploads\/2023\/12\/fauteuil_de_prelevement_infirmier_accessoirise\u0301s_theia_Navailles.jpg 2048w\" sizes=\"(max-width: 1024px) 100vw, 1024px\" \/><\/figure>\n<\/div>\n\n\n\n<div class=\"wp-block-column is-layout-flow wp-block-column-is-layout-flow\">\n<figure class=\"wp-block-image size-large\"><img decoding=\"async\" width=\"1024\" height=\"768\" src=\"https:\/\/www.navailles.fr\/wp-content\/uploads\/2023\/12\/fauteuil_de_prelevement_infirmier_porte_essui_tout_Navailles-1024x768.jpg\" alt=\"\" class=\"wp-image-37983\" srcset=\"https:\/\/www.navailles.fr\/wp-content\/uploads\/2023\/12\/fauteuil_de_prelevement_infirmier_porte_essui_tout_Navailles-1024x768.jpg 1024w, https:\/\/www.navailles.fr\/wp-content\/uploads\/2023\/12\/fauteuil_de_prelevement_infirmier_porte_essui_tout_Navailles-300x225.jpg 300w, https:\/\/www.navailles.fr\/wp-content\/uploads\/2023\/12\/fauteuil_de_prelevement_infirmier_porte_essui_tout_Navailles-768x576.jpg 768w, https:\/\/www.navailles.fr\/wp-content\/uploads\/2023\/12\/fauteuil_de_prelevement_infirmier_porte_essui_tout_Navailles-1536x1152.jpg 1536w, https:\/\/www.navailles.fr\/wp-content\/uploads\/2023\/12\/fauteuil_de_prelevement_infirmier_porte_essui_tout_Navailles-16x12.jpg 16w, https:\/\/www.navailles.fr\/wp-content\/uploads\/2023\/12\/fauteuil_de_prelevement_infirmier_porte_essui_tout_Navailles-1200x900.jpg 1200w, https:\/\/www.navailles.fr\/wp-content\/uploads\/2023\/12\/fauteuil_de_prelevement_infirmier_porte_essui_tout_Navailles.jpg 2048w\" sizes=\"(max-width: 1024px) 100vw, 1024px\" \/><\/figure>\n<\/div>\n\n\n\n<div class=\"wp-block-column is-layout-flow wp-block-column-is-layout-flow\">\n<figure class=\"wp-block-image size-large\"><img loading=\"lazy\" decoding=\"async\" width=\"1024\" height=\"768\" src=\"https:\/\/www.navailles.fr\/wp-content\/uploads\/2023\/12\/fauteuil_de_prelevement_infirmier_tige_porte_serum_Navailles-1024x768.jpg\" alt=\"\" class=\"wp-image-37984\" srcset=\"https:\/\/www.navailles.fr\/wp-content\/uploads\/2023\/12\/fauteuil_de_prelevement_infirmier_tige_porte_serum_Navailles-1024x768.jpg 1024w, https:\/\/www.navailles.fr\/wp-content\/uploads\/2023\/12\/fauteuil_de_prelevement_infirmier_tige_porte_serum_Navailles-300x225.jpg 300w, https:\/\/www.navailles.fr\/wp-content\/uploads\/2023\/12\/fauteuil_de_prelevement_infirmier_tige_porte_serum_Navailles-768x576.jpg 768w, https:\/\/www.navailles.fr\/wp-content\/uploads\/2023\/12\/fauteuil_de_prelevement_infirmier_tige_porte_serum_Navailles-1536x1152.jpg 1536w, https:\/\/www.navailles.fr\/wp-content\/uploads\/2023\/12\/fauteuil_de_prelevement_infirmier_tige_porte_serum_Navailles-16x12.jpg 16w, https:\/\/www.navailles.fr\/wp-content\/uploads\/2023\/12\/fauteuil_de_prelevement_infirmier_tige_porte_serum_Navailles-1200x900.jpg 1200w, https:\/\/www.navailles.fr\/wp-content\/uploads\/2023\/12\/fauteuil_de_prelevement_infirmier_tige_porte_serum_Navailles.jpg 2048w\" sizes=\"(max-width: 1024px) 100vw, 1024px\" \/><\/figure>\n<\/div>\n<\/div>\n\n\n\n<h3 class=\"wp-block-heading\"><strong>Sellerie et Choix de Coloris<\/strong><\/h3>\n\n\n\n<p>La sellerie de Theia, con\u00e7ue pour une \u00e9tanch\u00e9it\u00e9 totale, est disponible en divers rev\u00eatements adapt\u00e9s \u00e0 diff\u00e9rents environnements, offrant un large choix de plus de 100 coloris. Nos rev\u00eatements, tels que Diabolo Club, Ginkgo, Kalytera, STAMSKIN, STAMSKIN ZEN, Urban et Silvertex, sont s\u00e9lectionn\u00e9s pour leur durabilit\u00e9, esth\u00e9tique et facilit\u00e9 de nettoyage, tout en respectant l&rsquo;environnement.<br>Diabolo Club : Un simili-cuir double ton, r\u00e9sistant \u00e0 l&rsquo;abrasion, offrant un aspect \u00e9l\u00e9gant et une facilit\u00e9 de nettoyage, id\u00e9al pour un environnement m\u00e9dical moderne.<\/p>\n\n\n\n<ul class=\"wp-block-list\"><li>Ginkgo : Un tissu enduit expans\u00e9, sans phtalates, offrant une r\u00e9sistance sup\u00e9rieure et un confort accru, parfait pour les utilisations intensives.<\/li><li>Kalytera : Ce tissu enduit expans\u00e9 combine durabilit\u00e9 et esth\u00e9tique, avec une r\u00e9sistance accrue \u00e0 l&rsquo;abrasion, adapt\u00e9 aux exigences des environnements m\u00e9dicaux.<\/li><li>STAMSKIN : Un tissu composite enduit, aspect simili cuir, offrant une r\u00e9sistance aux taches, aux agents fongiques et microbiens, id\u00e9al pour maintenir des normes d&rsquo;hygi\u00e8ne \u00e9lev\u00e9es.<\/li><li>STAMSKIN ZEN : Ce tissu composite enduit allie esth\u00e9tique et fonctionnalit\u00e9, avec des propri\u00e9t\u00e9s virucides et bact\u00e9ricides, assurant une s\u00e9curit\u00e9 accrue pour les patients et le personnel.<\/li><li>Urban : Un simili-cuir \u00e9tanche, aspect mat, facile \u00e0 nettoyer et r\u00e9sistant \u00e0 l&rsquo;abrasion, parfait pour un usage quotidien dans des environnements m\u00e9dicaux.<\/li><li>Silvertex : Un tissu enduit expans\u00e9, aspect tiss\u00e9, con\u00e7u pour une utilisation intensive, alliant durabilit\u00e9 et esth\u00e9tique moderne.<\/li><\/ul>\n\n\n\n<div class=\"wp-block-columns is-layout-flex wp-container-core-columns-is-layout-28f84493 wp-block-columns-is-layout-flex\">\n<div class=\"wp-block-column is-layout-flow wp-block-column-is-layout-flow\">\n<figure class=\"wp-block-image size-large\"><img loading=\"lazy\" decoding=\"async\" width=\"764\" height=\"1024\" src=\"https:\/\/www.navailles.fr\/wp-content\/uploads\/2023\/12\/nuancier_coloris_reve\u0302tement_me\u0301dicalise\u0301_Navailles-764x1024.png\" alt=\"\" class=\"wp-image-38300\" srcset=\"https:\/\/www.navailles.fr\/wp-content\/uploads\/2023\/12\/nuancier_coloris_reve\u0302tement_me\u0301dicalise\u0301_Navailles-764x1024.png 764w, https:\/\/www.navailles.fr\/wp-content\/uploads\/2023\/12\/nuancier_coloris_reve\u0302tement_me\u0301dicalise\u0301_Navailles-224x300.png 224w, https:\/\/www.navailles.fr\/wp-content\/uploads\/2023\/12\/nuancier_coloris_reve\u0302tement_me\u0301dicalise\u0301_Navailles-768x1030.png 768w, https:\/\/www.navailles.fr\/wp-content\/uploads\/2023\/12\/nuancier_coloris_reve\u0302tement_me\u0301dicalise\u0301_Navailles-9x12.png 9w, https:\/\/www.navailles.fr\/wp-content\/uploads\/2023\/12\/nuancier_coloris_reve\u0302tement_me\u0301dicalise\u0301_Navailles.png 1132w\" sizes=\"(max-width: 764px) 100vw, 764px\" \/><\/figure>\n<\/div>\n\n\n\n<div class=\"wp-block-column is-layout-flow wp-block-column-is-layout-flow\">\n<figure class=\"wp-block-image size-large\"><img loading=\"lazy\" decoding=\"async\" width=\"835\" height=\"1024\" src=\"https:\/\/www.navailles.fr\/wp-content\/uploads\/2023\/12\/nuancier_coloris_tissu_me\u0301dicalise\u0301_navailles_2-1-835x1024.png\" alt=\"\" class=\"wp-image-37986\" srcset=\"https:\/\/www.navailles.fr\/wp-content\/uploads\/2023\/12\/nuancier_coloris_tissu_me\u0301dicalise\u0301_navailles_2-1-835x1024.png 835w, https:\/\/www.navailles.fr\/wp-content\/uploads\/2023\/12\/nuancier_coloris_tissu_me\u0301dicalise\u0301_navailles_2-1-245x300.png 245w, https:\/\/www.navailles.fr\/wp-content\/uploads\/2023\/12\/nuancier_coloris_tissu_me\u0301dicalise\u0301_navailles_2-1-768x942.png 768w, https:\/\/www.navailles.fr\/wp-content\/uploads\/2023\/12\/nuancier_coloris_tissu_me\u0301dicalise\u0301_navailles_2-1-1253x1536.png 1253w, https:\/\/www.navailles.fr\/wp-content\/uploads\/2023\/12\/nuancier_coloris_tissu_me\u0301dicalise\u0301_navailles_2-1-10x12.png 10w, https:\/\/www.navailles.fr\/wp-content\/uploads\/2023\/12\/nuancier_coloris_tissu_me\u0301dicalise\u0301_navailles_2-1-1200x1472.png 1200w, https:\/\/www.navailles.fr\/wp-content\/uploads\/2023\/12\/nuancier_coloris_tissu_me\u0301dicalise\u0301_navailles_2-1.png 1582w\" sizes=\"(max-width: 835px) 100vw, 835px\" \/><\/figure>\n<\/div>\n\n\n\n<div class=\"wp-block-column is-layout-flow wp-block-column-is-layout-flow\">\n<figure class=\"wp-block-image size-large\"><img loading=\"lazy\" decoding=\"async\" width=\"827\" height=\"1024\" src=\"https:\/\/www.navailles.fr\/wp-content\/uploads\/2023\/12\/nuancier_coloris_reve\u0302tement_me\u0301dicalise\u0301_navailles_1-827x1024.png\" alt=\"\" class=\"wp-image-37987\" srcset=\"https:\/\/www.navailles.fr\/wp-content\/uploads\/2023\/12\/nuancier_coloris_reve\u0302tement_me\u0301dicalise\u0301_navailles_1-827x1024.png 827w, https:\/\/www.navailles.fr\/wp-content\/uploads\/2023\/12\/nuancier_coloris_reve\u0302tement_me\u0301dicalise\u0301_navailles_1-242x300.png 242w, https:\/\/www.navailles.fr\/wp-content\/uploads\/2023\/12\/nuancier_coloris_reve\u0302tement_me\u0301dicalise\u0301_navailles_1-768x951.png 768w, https:\/\/www.navailles.fr\/wp-content\/uploads\/2023\/12\/nuancier_coloris_reve\u0302tement_me\u0301dicalise\u0301_navailles_1-1240x1536.png 1240w, https:\/\/www.navailles.fr\/wp-content\/uploads\/2023\/12\/nuancier_coloris_reve\u0302tement_me\u0301dicalise\u0301_navailles_1-10x12.png 10w, https:\/\/www.navailles.fr\/wp-content\/uploads\/2023\/12\/nuancier_coloris_reve\u0302tement_me\u0301dicalise\u0301_navailles_1-1200x1486.png 1200w, https:\/\/www.navailles.fr\/wp-content\/uploads\/2023\/12\/nuancier_coloris_reve\u0302tement_me\u0301dicalise\u0301_navailles_1.png 1568w\" sizes=\"(max-width: 827px) 100vw, 827px\" \/><\/figure>\n<\/div>\n<\/div>\n\n\n\n<div class=\"wp-block-buttons is-content-justification-center is-layout-flex wp-container-core-buttons-is-layout-a89b3969 wp-block-buttons-is-layout-flex\">\n<div class=\"wp-block-button is-style-fill\"><a class=\"wp-block-button__link\" href=\"https:\/\/share.hsforms.com\/1Li9bWGFiTiO_Bk1AUyKrNA5llo5\">Demander un devis<\/a><\/div>\n<\/div>\n\n\n\n<div style=\"height:35px\" aria-hidden=\"true\" class=\"wp-block-spacer\"><\/div>\n\n\n\n<h2 class=\"wp-block-heading\"><strong>L&rsquo;Expertise Navailles dans la Conception de Fauteuils M\u00e9dicaux<\/strong><\/h2>\n\n\n\n<div style=\"height:35px\" aria-hidden=\"true\" class=\"wp-block-spacer\"><\/div>\n\n\n\n<h3 class=\"wp-block-heading\"><strong>Innovation et Qualit\u00e9 Made in France<\/strong><\/h3>\n\n\n\n<p>Navailles s&rsquo;engage \u00e0 innover constamment pour r\u00e9pondre aux besoins du secteur m\u00e9dicalis\u00e9 avec une offre m\u00e9dicale compl\u00e8te garantie 4 ans. Notre bureau d&rsquo;\u00e9tudes int\u00e9gr\u00e9 travaille sans rel\u00e2che pour cr\u00e9er de nouveaux fauteuils, avec une grande partie de notre gamme certifi\u00e9e par le label Origine France Garantie. Cette certification souligne notre engagement envers la fabrication fran\u00e7aise et la qualit\u00e9 sup\u00e9rieure de nos produits.<\/p>\n\n\n\n<h3 class=\"wp-block-heading\"><strong>Engagement pour le D\u00e9veloppement Durable<\/strong><\/h3>\n\n\n\n<p>Notre engagement envers le d\u00e9veloppement durable se manifeste dans notre choix de privil\u00e9gier les circuits courts et les partenariats locaux. Nous collaborons avec des fournisseurs majoritairement fran\u00e7ais, incarnant ainsi notre engagement envers l&rsquo;excellence et le savoir-faire local. Notre d\u00e9marche d&rsquo;\u00e9co-conception, certifi\u00e9e par les normes ISO 9001, ISO 50001 et ISO 14001, int\u00e8gre l&rsquo;ensemble du cycle de vie de nos produits, de la conception \u00e0 leur recyclage, tout en promouvant un management participatif et une cha\u00eene d&rsquo;approvisionnement responsable.<\/p>\n\n\n\n<div class=\"wp-block-columns is-layout-flex wp-container-core-columns-is-layout-28f84493 wp-block-columns-is-layout-flex\">\n<div class=\"wp-block-column is-layout-flow wp-block-column-is-layout-flow\">\n<figure class=\"wp-block-gallery has-nested-images columns-default is-cropped wp-block-gallery-1 is-layout-flex wp-block-gallery-is-layout-flex\">\n<figure class=\"wp-block-image size-large\"><img loading=\"lazy\" decoding=\"async\" width=\"1024\" height=\"683\" data-id=\"37992\" src=\"https:\/\/www.navailles.fr\/wp-content\/uploads\/2023\/12\/montage_fauteuil_de_pre\u0301le\u0300vement_theia_Navailles-1024x683.jpg\" alt=\"\" class=\"wp-image-37992\" srcset=\"https:\/\/www.navailles.fr\/wp-content\/uploads\/2023\/12\/montage_fauteuil_de_pre\u0301le\u0300vement_theia_Navailles-1024x683.jpg 1024w, https:\/\/www.navailles.fr\/wp-content\/uploads\/2023\/12\/montage_fauteuil_de_pre\u0301le\u0300vement_theia_Navailles-300x200.jpg 300w, https:\/\/www.navailles.fr\/wp-content\/uploads\/2023\/12\/montage_fauteuil_de_pre\u0301le\u0300vement_theia_Navailles-768x512.jpg 768w, https:\/\/www.navailles.fr\/wp-content\/uploads\/2023\/12\/montage_fauteuil_de_pre\u0301le\u0300vement_theia_Navailles-1536x1025.jpg 1536w, https:\/\/www.navailles.fr\/wp-content\/uploads\/2023\/12\/montage_fauteuil_de_pre\u0301le\u0300vement_theia_Navailles-18x12.jpg 18w, https:\/\/www.navailles.fr\/wp-content\/uploads\/2023\/12\/montage_fauteuil_de_pre\u0301le\u0300vement_theia_Navailles-1200x801.jpg 1200w, https:\/\/www.navailles.fr\/wp-content\/uploads\/2023\/12\/montage_fauteuil_de_pre\u0301le\u0300vement_theia_Navailles.jpg 1920w\" sizes=\"(max-width: 1024px) 100vw, 1024px\" \/><\/figure>\n<\/figure>\n<\/div>\n\n\n\n<div class=\"wp-block-column is-layout-flow wp-block-column-is-layout-flow\">\n<div class=\"wp-block-image\"><figure class=\"aligncenter size-large is-resized\"><img loading=\"lazy\" decoding=\"async\" src=\"https:\/\/www.navailles.fr\/wp-content\/uploads\/2023\/12\/carte_so_fournisseurs_navailles_circuits_courts-1009x1024.jpg\" alt=\"\" class=\"wp-image-37991\" width=\"505\" height=\"512\" srcset=\"https:\/\/www.navailles.fr\/wp-content\/uploads\/2023\/12\/carte_so_fournisseurs_navailles_circuits_courts-1009x1024.jpg 1009w, https:\/\/www.navailles.fr\/wp-content\/uploads\/2023\/12\/carte_so_fournisseurs_navailles_circuits_courts-295x300.jpg 295w, https:\/\/www.navailles.fr\/wp-content\/uploads\/2023\/12\/carte_so_fournisseurs_navailles_circuits_courts-768x780.jpg 768w, https:\/\/www.navailles.fr\/wp-content\/uploads\/2023\/12\/carte_so_fournisseurs_navailles_circuits_courts-12x12.jpg 12w, https:\/\/www.navailles.fr\/wp-content\/uploads\/2023\/12\/carte_so_fournisseurs_navailles_circuits_courts-1200x1218.jpg 1200w, https:\/\/www.navailles.fr\/wp-content\/uploads\/2023\/12\/carte_so_fournisseurs_navailles_circuits_courts-100x100.jpg 100w, https:\/\/www.navailles.fr\/wp-content\/uploads\/2023\/12\/carte_so_fournisseurs_navailles_circuits_courts.jpg 1238w\" sizes=\"(max-width: 505px) 100vw, 505px\" \/><\/figure><\/div>\n<\/div>\n<\/div>","protected":false},"excerpt":{"rendered":"<p>Chez Navailles, nous comprenons l&rsquo;importance cruciale d&rsquo;un \u00e9quipement m\u00e9dical de qualit\u00e9, notamment les fauteuils de pr\u00e9l\u00e8vement, dans le domaine de la sant\u00e9. Ces fauteuils, con\u00e7us avec une ergonomie sp\u00e9cifique, sont essentiels pour assurer le confort et la s\u00e9curit\u00e9 des patients lors de proc\u00e9dures m\u00e9dicales telles que les pr\u00e9l\u00e8vements sanguins, les frottis, ou m\u00eame des traitements &hellip;<\/p>\n<p class=\"read-more\"> <a class=\"\" href=\"https:\/\/www.navailles.fr\/en\/fauteuil-de-prelevement\/\"> <span class=\"screen-reader-text\">Theia par Navailles : L&rsquo;Excellence en Fauteuil de Pr\u00e9l\u00e8vement<\/span> Read More &raquo;<\/a><\/p>","protected":false},"author":10,"featured_media":37980,"comment_status":"open","ping_status":"open","sticky":false,"template":"","format":"standard","meta":{"_acf_changed":false,"content-type":"","site-sidebar-layout":"default","site-content-layout":"default","ast-global-header-display":"","ast-banner-title-visibility":"","ast-main-header-display":"","ast-hfb-above-header-display":"","ast-hfb-below-header-display":"","ast-hfb-mobile-header-display":"","site-post-title":"","ast-breadcrumbs-content":"","ast-featured-img":"","footer-sml-layout":"","theme-transparent-header-meta":"","adv-header-id-meta":"","stick-header-meta":"","header-above-stick-meta":"","header-main-stick-meta":"","header-below-stick-meta":"","footnotes":""},"categories":[40],"tags":[],"class_list":["post-37977","post","type-post","status-publish","format-standard","has-post-thumbnail","hentry","category-medical"],"acf":[],"yoast_head":"<!-- This site is optimized with the Yoast SEO plugin v27.4 - https:\/\/yoast.com\/product\/yoast-seo-wordpress\/ -->\n<title>Th\u00e9ia, le fauteuil de pr\u00e9l\u00e8vement alliant ergonomie et confort<\/title>\n<meta name=\"description\" content=\"Theia, un fauteuil de pr\u00e9l\u00e8vement munis de multiples fonctionnalit\u00e9s et aux formes g\u00e9n\u00e9reuses con\u00e7u pour accueillir toutes les morphologies.\" \/>\n<meta name=\"robots\" content=\"index, follow, max-snippet:-1, max-image-preview:large, max-video-preview:-1\" \/>\n<link rel=\"canonical\" href=\"https:\/\/www.navailles.fr\/en\/fauteuil-de-prelevement\/\" \/>\n<meta property=\"og:locale\" content=\"en_GB\" \/>\n<meta property=\"og:type\" content=\"article\" \/>\n<meta property=\"og:title\" content=\"Th\u00e9ia, le fauteuil de pr\u00e9l\u00e8vement alliant ergonomie et confort\" \/>\n<meta property=\"og:description\" content=\"Theia, un fauteuil de pr\u00e9l\u00e8vement munis de multiples fonctionnalit\u00e9s et aux formes g\u00e9n\u00e9reuses con\u00e7u pour accueillir toutes les morphologies.\" \/>\n<meta property=\"og:url\" content=\"https:\/\/www.navailles.fr\/en\/fauteuil-de-prelevement\/\" \/>\n<meta property=\"og:site_name\" content=\"Navailles\" \/>\n<meta property=\"article:published_time\" content=\"2023-12-12T11:03:14+00:00\" \/>\n<meta property=\"article:modified_time\" content=\"2024-01-10T09:53:00+00:00\" \/>\n<meta property=\"og:image\" content=\"https:\/\/www.navailles.fr\/wp-content\/uploads\/2023\/12\/fauteuil_de_pre\u0301le\u0300vement_infirmier_hauteur_variable_THEIA_NAVAILLES.jpg\" \/>\n\t<meta property=\"og:image:width\" content=\"1500\" \/>\n\t<meta property=\"og:image:height\" content=\"845\" \/>\n\t<meta property=\"og:image:type\" content=\"image\/jpeg\" \/>\n<meta name=\"author\" content=\"Lisa\" \/>\n<meta name=\"twitter:card\" content=\"summary_large_image\" \/>\n<meta name=\"twitter:label1\" content=\"Written by\" \/>\n\t<meta name=\"twitter:data1\" content=\"Lisa\" \/>\n\t<meta name=\"twitter:label2\" content=\"Estimated reading time\" \/>\n\t<meta name=\"twitter:data2\" content=\"8 minutes\" \/>\n<!-- \/ Yoast SEO plugin. -->","yoast_head_json":{"title":"Th\u00e9ia, le fauteuil de pr\u00e9l\u00e8vement alliant ergonomie et confort","description":"Theia, un fauteuil de pr\u00e9l\u00e8vement munis de multiples fonctionnalit\u00e9s et aux formes g\u00e9n\u00e9reuses con\u00e7u pour accueillir toutes les morphologies.","robots":{"index":"index","follow":"follow","max-snippet":"max-snippet:-1","max-image-preview":"max-image-preview:large","max-video-preview":"max-video-preview:-1"},"canonical":"https:\/\/www.navailles.fr\/en\/fauteuil-de-prelevement\/","og_locale":"en_GB","og_type":"article","og_title":"Th\u00e9ia, le fauteuil de pr\u00e9l\u00e8vement alliant ergonomie et confort","og_description":"Theia, un fauteuil de pr\u00e9l\u00e8vement munis de multiples fonctionnalit\u00e9s et aux formes g\u00e9n\u00e9reuses con\u00e7u pour accueillir toutes les morphologies.","og_url":"https:\/\/www.navailles.fr\/en\/fauteuil-de-prelevement\/","og_site_name":"Navailles","article_published_time":"2023-12-12T11:03:14+00:00","article_modified_time":"2024-01-10T09:53:00+00:00","og_image":[{"width":1500,"height":845,"url":"https:\/\/www.navailles.fr\/wp-content\/uploads\/2023\/12\/fauteuil_de_pre\u0301le\u0300vement_infirmier_hauteur_variable_THEIA_NAVAILLES.jpg","type":"image\/jpeg"}],"author":"Lisa","twitter_card":"summary_large_image","twitter_misc":{"Written by":"Lisa","Estimated reading time":"8 minutes"},"schema":{"@context":"https:\/\/schema.org","@graph":[{"@type":"Article","@id":"https:\/\/www.navailles.fr\/fauteuil-de-prelevement\/#article","isPartOf":{"@id":"https:\/\/www.navailles.fr\/fauteuil-de-prelevement\/"},"author":{"name":"Lisa","@id":"https:\/\/www.navailles.fr\/#\/schema\/person\/42c15e0d7e38b630c12f15458e441ee7"},"headline":"Theia par Navailles : L&rsquo;Excellence en Fauteuil de Pr\u00e9l\u00e8vement","datePublished":"2023-12-12T11:03:14+00:00","dateModified":"2024-01-10T09:53:00+00:00","mainEntityOfPage":{"@id":"https:\/\/www.navailles.fr\/fauteuil-de-prelevement\/"},"wordCount":1234,"commentCount":0,"publisher":{"@id":"https:\/\/www.navailles.fr\/#organization"},"image":{"@id":"https:\/\/www.navailles.fr\/fauteuil-de-prelevement\/#primaryimage"},"thumbnailUrl":"https:\/\/www.navailles.fr\/wp-content\/uploads\/2023\/12\/fauteuil_de_pre\u0301le\u0300vement_infirmier_hauteur_variable_THEIA_NAVAILLES.jpg","articleSection":["Actualit\u00e9s &amp; Conseils Univers M\u00e9dical"],"inLanguage":"en-GB","potentialAction":[{"@type":"CommentAction","name":"Comment","target":["https:\/\/www.navailles.fr\/fauteuil-de-prelevement\/#respond"]}]},{"@type":"WebPage","@id":"https:\/\/www.navailles.fr\/fauteuil-de-prelevement\/","url":"https:\/\/www.navailles.fr\/fauteuil-de-prelevement\/","name":"Th\u00e9ia, le fauteuil de pr\u00e9l\u00e8vement alliant ergonomie et confort","isPartOf":{"@id":"https:\/\/www.navailles.fr\/#website"},"primaryImageOfPage":{"@id":"https:\/\/www.navailles.fr\/fauteuil-de-prelevement\/#primaryimage"},"image":{"@id":"https:\/\/www.navailles.fr\/fauteuil-de-prelevement\/#primaryimage"},"thumbnailUrl":"https:\/\/www.navailles.fr\/wp-content\/uploads\/2023\/12\/fauteuil_de_pre\u0301le\u0300vement_infirmier_hauteur_variable_THEIA_NAVAILLES.jpg","datePublished":"2023-12-12T11:03:14+00:00","dateModified":"2024-01-10T09:53:00+00:00","description":"Theia, un fauteuil de pr\u00e9l\u00e8vement munis de multiples fonctionnalit\u00e9s et aux formes g\u00e9n\u00e9reuses con\u00e7u pour accueillir toutes les morphologies.","breadcrumb":{"@id":"https:\/\/www.navailles.fr\/fauteuil-de-prelevement\/#breadcrumb"},"inLanguage":"en-GB","potentialAction":[{"@type":"ReadAction","target":["https:\/\/www.navailles.fr\/fauteuil-de-prelevement\/"]}]},{"@type":"ImageObject","inLanguage":"en-GB","@id":"https:\/\/www.navailles.fr\/fauteuil-de-prelevement\/#primaryimage","url":"https:\/\/www.navailles.fr\/wp-content\/uploads\/2023\/12\/fauteuil_de_pre\u0301le\u0300vement_infirmier_hauteur_variable_THEIA_NAVAILLES.jpg","contentUrl":"https:\/\/www.navailles.fr\/wp-content\/uploads\/2023\/12\/fauteuil_de_pre\u0301le\u0300vement_infirmier_hauteur_variable_THEIA_NAVAILLES.jpg","width":1500,"height":845,"caption":"fauteuil theia en kalytera vert con\u00e7u pour les pr\u00e9l\u00e8vement infirmiers"},{"@type":"BreadcrumbList","@id":"https:\/\/www.navailles.fr\/fauteuil-de-prelevement\/#breadcrumb","itemListElement":[{"@type":"ListItem","position":1,"name":"Accueil","item":"https:\/\/www.navailles.fr\/"},{"@type":"ListItem","position":2,"name":"Theia par Navailles : L&#8217;Excellence en Fauteuil de Pr\u00e9l\u00e8vement"}]},{"@type":"WebSite","@id":"https:\/\/www.navailles.fr\/#website","url":"https:\/\/www.navailles.fr\/","name":"Navailles","description":"Fabricant de fauteuils m\u00e9dicalis\u00e9s, si\u00e8ges de bureau et tabourets techniques","publisher":{"@id":"https:\/\/www.navailles.fr\/#organization"},"potentialAction":[{"@type":"SearchAction","target":{"@type":"EntryPoint","urlTemplate":"https:\/\/www.navailles.fr\/?s={search_term_string}"},"query-input":{"@type":"PropertyValueSpecification","valueRequired":true,"valueName":"search_term_string"}}],"inLanguage":"en-GB"},{"@type":"Organization","@id":"https:\/\/www.navailles.fr\/#organization","name":"Navailles","url":"https:\/\/www.navailles.fr\/","logo":{"@type":"ImageObject","inLanguage":"en-GB","@id":"https:\/\/www.navailles.fr\/#\/schema\/logo\/image\/","url":"https:\/\/www.navailles.fr\/wp-content\/uploads\/2021\/10\/logo_site_navailles1_Plan-de-travail-1.png","contentUrl":"https:\/\/www.navailles.fr\/wp-content\/uploads\/2021\/10\/logo_site_navailles1_Plan-de-travail-1.png","width":375,"height":125,"caption":"Navailles"},"image":{"@id":"https:\/\/www.navailles.fr\/#\/schema\/logo\/image\/"}},{"@type":"Person","@id":"https:\/\/www.navailles.fr\/#\/schema\/person\/42c15e0d7e38b630c12f15458e441ee7","name":"Lisa","image":{"@type":"ImageObject","inLanguage":"en-GB","@id":"https:\/\/secure.gravatar.com\/avatar\/5e3c90e05cb9bd0de96f569807ae482f72c48bb7e8c795edd4e17fcbec79e9db?s=96&d=mm&r=g","url":"https:\/\/secure.gravatar.com\/avatar\/5e3c90e05cb9bd0de96f569807ae482f72c48bb7e8c795edd4e17fcbec79e9db?s=96&d=mm&r=g","contentUrl":"https:\/\/secure.gravatar.com\/avatar\/5e3c90e05cb9bd0de96f569807ae482f72c48bb7e8c795edd4e17fcbec79e9db?s=96&d=mm&r=g","caption":"Lisa"},"url":"https:\/\/www.navailles.fr\/en\/author\/pverne\/"}]}},"_links":{"self":[{"href":"https:\/\/www.navailles.fr\/en\/wp-json\/wp\/v2\/posts\/37977","targetHints":{"allow":["GET"]}}],"collection":[{"href":"https:\/\/www.navailles.fr\/en\/wp-json\/wp\/v2\/posts"}],"about":[{"href":"https:\/\/www.navailles.fr\/en\/wp-json\/wp\/v2\/types\/post"}],"author":[{"embeddable":true,"href":"https:\/\/www.navailles.fr\/en\/wp-json\/wp\/v2\/users\/10"}],"replies":[{"embeddable":true,"href":"https:\/\/www.navailles.fr\/en\/wp-json\/wp\/v2\/comments?post=37977"}],"version-history":[{"count":15,"href":"https:\/\/www.navailles.fr\/en\/wp-json\/wp\/v2\/posts\/37977\/revisions"}],"predecessor-version":[{"id":38301,"href":"https:\/\/www.navailles.fr\/en\/wp-json\/wp\/v2\/posts\/37977\/revisions\/38301"}],"wp:featuredmedia":[{"embeddable":true,"href":"https:\/\/www.navailles.fr\/en\/wp-json\/wp\/v2\/media\/37980"}],"wp:attachment":[{"href":"https:\/\/www.navailles.fr\/en\/wp-json\/wp\/v2\/media?parent=37977"}],"wp:term":[{"taxonomy":"category","embeddable":true,"href":"https:\/\/www.navailles.fr\/en\/wp-json\/wp\/v2\/categories?post=37977"},{"taxonomy":"post_tag","embeddable":true,"href":"https:\/\/www.navailles.fr\/en\/wp-json\/wp\/v2\/tags?post=37977"}],"curies":[{"name":"wp","href":"https:\/\/api.w.org\/{rel}","templated":true}]}}