{"id":33867,"date":"2022-07-12T09:58:00","date_gmt":"2022-07-12T07:58:00","guid":{"rendered":"https:\/\/www.navailles.fr\/?p=33867"},"modified":"2023-12-05T11:11:42","modified_gmt":"2023-12-05T10:11:42","slug":"quel-design-choisir-pour-son-fauteuil-de-bureau","status":"publish","type":"post","link":"https:\/\/www.navailles.fr\/en\/quel-design-choisir-pour-son-fauteuil-de-bureau\/","title":{"rendered":"Quel design choisir pour son fauteuil de bureau\u00a0?"},"content":{"rendered":"<p>Une \u00e9tude anglaise r\u00e9alis\u00e9e en 2017 affirme qu\u2019un travailleur passe en tout cinq ans de sa vie derri\u00e8re son bureau. Il est donc tout \u00e0 fait normal de rechercher un bon niveau de confort. De plus en plus de personnes investissent dans un beau fauteuil de bureau pour agr\u00e9menter leur espace de travail. La raison peut \u00eatre de susciter l\u2019admiration ou simplement s\u2019offrir un niveau de confort satisfaisant.<\/p>\n\n\n\n<h2 class=\"wp-block-heading\">L\u2019importance du design pour un fauteuil de bureau<\/h2>\n\n\n\n<p>Que ce soit pour une utilisation r\u00e9guli\u00e8re ou occasionnelle, un fauteuil de bureau doit r\u00e9pondre \u00e0 un crit\u00e8re esth\u00e9tique. D\u2019ailleurs, il fait souvent partie des maillons les plus visibles dans un lieu de travail.<\/p>\n\n\n\n<p>Le si\u00e8ge est l\u2019\u00e9l\u00e9ment central de la pi\u00e8ce et joue un r\u00f4le d\u00e9coratif. Que ce soit pour un open space, au bureau ou \u00e0 la maison, un fauteuil design est toujours appr\u00e9ci\u00e9. Celui-ci devra s&rsquo;harmoniser avec le reste de la d\u00e9coration int\u00e9rieure. Les assises au design original conviennent par exemple aux styles d\u2019int\u00e9rieur chic et moderne.<\/p>\n\n\n\n<p>Un int\u00e9rieur agr\u00e9able passe aussi par un fauteuil qui se fond dans la d\u00e9coration. \u00c9l\u00e9gant et solide, le si\u00e8ge de direction apporte un c\u00f4t\u00e9 harmonieux au bureau. Certains d\u2019entre eux offrent en plus un tr\u00e8s bon niveau de confort.<\/p>\n\n\n\n<p>Les tendances du march\u00e9 mettent entre autre en valeur&nbsp;:<\/p>\n\n\n\n<ul class=\"wp-block-list\"><li>L\u2019association de mati\u00e8res comme le bois et le cuir\/simili cuir ou polyur\u00e9thane&nbsp;;<\/li><li>Les formes rondes et ovo\u00efdes qui sont plus enveloppants&nbsp;;&nbsp;<\/li><li>Les mod\u00e8les scandinaves qui r\u00e9pondent parfaitement aux crit\u00e8re de design&nbsp;;<\/li><li>Les caract\u00e9ristiques vintage comme les dossiers XXL matelass\u00e9s.<\/li><\/ul>\n\n\n\n<p>La qualit\u00e9 du mat\u00e9riau, de la garniture ou du rev\u00eatement, est tr\u00e8s importante. La mousse du fauteuil devra avoir une densit\u00e9 minimum de 20kg\/m\u00b2 pour rendre l\u2019assise confortable et offrir un bel aspect visuel. Cette information, entre autres, sera transmise par l\u2019e-commer\u00e7ant \u00e0 travers la fiche technique du produit. Pour le rev\u00eatement, on a le choix entre le tissu, le cuir, le plastique, le m\u00e9tal et le bois.<\/p>\n\n\n\n<figure class=\"wp-block-embed is-type-video is-provider-youtube wp-block-embed-youtube wp-embed-aspect-16-9 wp-has-aspect-ratio\"><div class=\"wp-block-embed__wrapper\">\n<div class=\"ast-oembed-container\" style=\"height: 100%;\"><iframe title=\"King Edgard +, le fauteuil de bureau ergonomique (et Made in France) !\" width=\"500\" height=\"281\" src=\"https:\/\/www.youtube.com\/embed\/5QqklpMd9Cs?feature=oembed\" frameborder=\"0\" allow=\"accelerometer; autoplay; clipboard-write; encrypted-media; gyroscope; picture-in-picture; web-share\" referrerpolicy=\"strict-origin-when-cross-origin\" allowfullscreen><\/iframe><\/div>\n<\/div><\/figure>\n\n\n\n<h2 class=\"wp-block-heading\">Choisir son si\u00e8ge suivant le style souhait\u00e9<\/h2>\n\n\n\n<p>Un travailleur utilise la chaise de bureau pendant environ six \u00e0 huit heures par jour. Il est donc indispensable de <a href=\"https:\/\/www.navailles.fr\/en\/quel-fauteuil-de-bureau-choisir\/\">choisir un si\u00e8ge de bureau<\/a> \u00e0 la fois confortable et esth\u00e9tique. Pour contribuer \u00e0 la d\u00e9coration int\u00e9rieure, un fauteuil de bureau doit r\u00e9pondre \u00e0 des crit\u00e8res de proportionnalit\u00e9 et de praticit\u00e9.<\/p>\n\n\n\n<p>Le si\u00e8ge conviendra avant tout aux activit\u00e9s r\u00e9guli\u00e8rement effectu\u00e9es. Il s\u2019adapte aussi \u00e0 la morphologie de l\u2019utilisateur et \u00e0 la disposition du bureau. En effet, il faut des si\u00e8ges diff\u00e9rents pour un plan de travail inclin\u00e9, en hauteur et droit.<\/p>\n\n\n\n<p>Un fauteuil sans accoudoir est id\u00e9al s\u2019il faut le ranger sous la table apr\u00e8s utilisation. Le travailleur pourra aussi \u00eatre \u00e0 l\u2019aise en posant l\u2019avant-bras sur le bureau. Le dossier devra couvrir le haut du dos afin d\u2019offrir un confort optimal et du style au si\u00e8ge. Les formes rondes ne sont pas seulement design, mais aussi pratiques par rapport au soutien.<\/p>\n\n\n\n<p>Pour les personnes de petits gabarits, il faudra ajuster la hauteur du si\u00e8ge en fonction de celle de la table. Les bras seront plus repos\u00e9s pendant le travail. Un repose-pieds d\u2019appoint s\u2019av\u00e8re n\u00e9cessaire pour compenser le d\u00e9calage avec le sol.<\/p>\n\n\n\n<p>Navailles d\u00e9veloppe des fauteuils de bureau de diff\u00e9rents styles pour satisfaire sa large client\u00e8le. La marque propose m\u00eame, parmi sa gamme, des si\u00e8ges con\u00e7us pour pr\u00e9venir les troubles musculo-squelettiques. D\u00e9couvrez tous nos meilleurs <a href=\"https:\/\/www.navailles.fr\/en\/conseils-comment-bien-choisir-son-fauteuil-de-bureau\/\">conseils pour bien choisir son fauteuil de bureau<\/a>.<\/p>\n\n\n\n<h2 class=\"wp-block-heading\">Ne pas n\u00e9gliger l\u2019aspect ergonomique<\/h2>\n\n\n\n<p>Le fauteuil de bureau garantit non seulement le style de la d\u00e9coration de la pi\u00e8ce, mais aussi le bien-\u00eatre du travailleur. Le crit\u00e8re du confort vient d\u2019ailleurs avant celui de l\u2019esth\u00e9tique. Les fauteuils ergonomiques et \u00e9l\u00e9gants sont ainsi tr\u00e8s populaires.<\/p>\n\n\n\n<p>Les professionnels de la sant\u00e9 s\u2019accordent sur l&rsquo;importance d\u2019un bon si\u00e8ge au bureau. Une mauvaise position assise peut, entre autres, endommager le dos. Les fauteuils modernes sont notamment con\u00e7us pour pr\u00e9venir et corriger ces postures incorrectes.<\/p>\n\n\n\n<p>La S\u00e9curit\u00e9 sociale recommande aux personnes assises devant leur poste de travail&nbsp;:<\/p>\n\n\n\n<ul class=\"wp-block-list\"><li>De mettre les pieds \u00e0 plat au sol ou sur un repose pied&nbsp;;<\/li><li>D\u2019avoir un coude \u00e0 angle droit ou un peu plus ;<\/li><li>De garder les avant-bras \u00e0 proximit\u00e9 du corps&nbsp;;<\/li><li>De maintenir les mains dans le m\u00eame axe que les avant-bras&nbsp;;<\/li><li>De garder le dos bien \u00e0 la verticale ou l\u00e9g\u00e8rement en retrait lorsqu\u2019il est soutenu par le dossier.<\/li><\/ul>\n\n\n\n<p>Navailles se pr\u00e9occupe du bien-\u00eatre au travail depuis un demi-si\u00e8cle. La marque vend des fauteuils design, ergonomiques et de fabrication fran\u00e7aise. Confortables et esth\u00e9tiques, les si\u00e8ges sont munis de roulettes, de dossier inclinable et d\u2019appui-t\u00eate.<\/p>","protected":false},"excerpt":{"rendered":"<p>Une \u00e9tude anglaise r\u00e9alis\u00e9e en 2017 affirme qu\u2019un travailleur passe en tout cinq ans de sa vie derri\u00e8re son bureau. Il est donc tout \u00e0 fait normal de rechercher un bon niveau de confort. De plus en plus de personnes investissent dans un beau fauteuil de bureau pour agr\u00e9menter leur espace de travail. La raison &hellip;<\/p>\n<p class=\"read-more\"> <a class=\"\" href=\"https:\/\/www.navailles.fr\/en\/quel-design-choisir-pour-son-fauteuil-de-bureau\/\"> <span class=\"screen-reader-text\">Quel design choisir pour son fauteuil de bureau\u00a0?<\/span> Read More &raquo;<\/a><\/p>","protected":false},"author":1,"featured_media":33870,"comment_status":"open","ping_status":"open","sticky":false,"template":"","format":"standard","meta":{"_acf_changed":false,"content-type":"","site-sidebar-layout":"default","site-content-layout":"default","ast-global-header-display":"","ast-banner-title-visibility":"","ast-main-header-display":"","ast-hfb-above-header-display":"","ast-hfb-below-header-display":"","ast-hfb-mobile-header-display":"","site-post-title":"","ast-breadcrumbs-content":"","ast-featured-img":"","footer-sml-layout":"","theme-transparent-header-meta":"","adv-header-id-meta":"","stick-header-meta":"","header-above-stick-meta":"","header-main-stick-meta":"","header-below-stick-meta":"","footnotes":""},"categories":[44],"tags":[],"class_list":["post-33867","post","type-post","status-publish","format-standard","has-post-thumbnail","hentry","category-qvt"],"acf":[],"yoast_head":"<!-- This site is optimized with the Yoast SEO plugin v27.4 - https:\/\/yoast.com\/product\/yoast-seo-wordpress\/ -->\n<title>Quel design choisir pour son fauteuil de bureau\u00a0? - Navailles<\/title>\n<meta name=\"robots\" content=\"index, follow, max-snippet:-1, max-image-preview:large, max-video-preview:-1\" \/>\n<link rel=\"canonical\" href=\"https:\/\/www.navailles.fr\/en\/quel-design-choisir-pour-son-fauteuil-de-bureau\/\" \/>\n<meta property=\"og:locale\" content=\"en_GB\" \/>\n<meta property=\"og:type\" content=\"article\" \/>\n<meta property=\"og:title\" content=\"Quel design choisir pour son fauteuil de bureau\u00a0? - Navailles\" \/>\n<meta property=\"og:description\" content=\"Une \u00e9tude anglaise r\u00e9alis\u00e9e en 2017 affirme qu\u2019un travailleur passe en tout cinq ans de sa vie derri\u00e8re son bureau. Il est donc tout \u00e0 fait normal de rechercher un bon niveau de confort. De plus en plus de personnes investissent dans un beau fauteuil de bureau pour agr\u00e9menter leur espace de travail. La raison &hellip; Quel design choisir pour son fauteuil de bureau\u00a0? Read More &raquo;\" \/>\n<meta property=\"og:url\" content=\"https:\/\/www.navailles.fr\/en\/quel-design-choisir-pour-son-fauteuil-de-bureau\/\" \/>\n<meta property=\"og:site_name\" content=\"Navailles\" \/>\n<meta property=\"article:published_time\" content=\"2022-07-12T07:58:00+00:00\" \/>\n<meta property=\"article:modified_time\" content=\"2023-12-05T10:11:42+00:00\" \/>\n<meta property=\"og:image\" content=\"https:\/\/www.navailles.fr\/wp-content\/uploads\/2022\/07\/Copie-de-Photo-article-1.png\" \/>\n\t<meta property=\"og:image:width\" content=\"1500\" \/>\n\t<meta property=\"og:image:height\" content=\"1000\" \/>\n\t<meta property=\"og:image:type\" content=\"image\/png\" \/>\n<meta name=\"author\" content=\"admin\" \/>\n<meta name=\"twitter:card\" content=\"summary_large_image\" \/>\n<meta name=\"twitter:label1\" content=\"Written by\" \/>\n\t<meta name=\"twitter:data1\" content=\"admin\" \/>\n\t<meta name=\"twitter:label2\" content=\"Estimated reading time\" \/>\n\t<meta name=\"twitter:data2\" content=\"4 minutes\" \/>\n<!-- \/ Yoast SEO plugin. -->","yoast_head_json":{"title":"Quel design choisir pour son fauteuil de bureau\u00a0? - Navailles","robots":{"index":"index","follow":"follow","max-snippet":"max-snippet:-1","max-image-preview":"max-image-preview:large","max-video-preview":"max-video-preview:-1"},"canonical":"https:\/\/www.navailles.fr\/en\/quel-design-choisir-pour-son-fauteuil-de-bureau\/","og_locale":"en_GB","og_type":"article","og_title":"Quel design choisir pour son fauteuil de bureau\u00a0? - Navailles","og_description":"Une \u00e9tude anglaise r\u00e9alis\u00e9e en 2017 affirme qu\u2019un travailleur passe en tout cinq ans de sa vie derri\u00e8re son bureau. Il est donc tout \u00e0 fait normal de rechercher un bon niveau de confort. De plus en plus de personnes investissent dans un beau fauteuil de bureau pour agr\u00e9menter leur espace de travail. La raison &hellip; Quel design choisir pour son fauteuil de bureau\u00a0? Read More &raquo;","og_url":"https:\/\/www.navailles.fr\/en\/quel-design-choisir-pour-son-fauteuil-de-bureau\/","og_site_name":"Navailles","article_published_time":"2022-07-12T07:58:00+00:00","article_modified_time":"2023-12-05T10:11:42+00:00","og_image":[{"width":1500,"height":1000,"url":"https:\/\/www.navailles.fr\/wp-content\/uploads\/2022\/07\/Copie-de-Photo-article-1.png","type":"image\/png"}],"author":"admin","twitter_card":"summary_large_image","twitter_misc":{"Written by":"admin","Estimated reading time":"4 minutes"},"schema":{"@context":"https:\/\/schema.org","@graph":[{"@type":"Article","@id":"https:\/\/www.navailles.fr\/quel-design-choisir-pour-son-fauteuil-de-bureau\/#article","isPartOf":{"@id":"https:\/\/www.navailles.fr\/quel-design-choisir-pour-son-fauteuil-de-bureau\/"},"author":{"name":"admin","@id":"https:\/\/www.navailles.fr\/#\/schema\/person\/43c58a232c6abb3f7c8092753437d398"},"headline":"Quel design choisir pour son fauteuil de bureau\u00a0?","datePublished":"2022-07-12T07:58:00+00:00","dateModified":"2023-12-05T10:11:42+00:00","mainEntityOfPage":{"@id":"https:\/\/www.navailles.fr\/quel-design-choisir-pour-son-fauteuil-de-bureau\/"},"wordCount":880,"commentCount":0,"publisher":{"@id":"https:\/\/www.navailles.fr\/#organization"},"image":{"@id":"https:\/\/www.navailles.fr\/quel-design-choisir-pour-son-fauteuil-de-bureau\/#primaryimage"},"thumbnailUrl":"https:\/\/www.navailles.fr\/wp-content\/uploads\/2022\/07\/Copie-de-Photo-article-1.png","articleSection":["Actualit\u00e9s &amp; Conseils Univers Bureau"],"inLanguage":"en-GB","potentialAction":[{"@type":"CommentAction","name":"Comment","target":["https:\/\/www.navailles.fr\/quel-design-choisir-pour-son-fauteuil-de-bureau\/#respond"]}]},{"@type":"WebPage","@id":"https:\/\/www.navailles.fr\/quel-design-choisir-pour-son-fauteuil-de-bureau\/","url":"https:\/\/www.navailles.fr\/quel-design-choisir-pour-son-fauteuil-de-bureau\/","name":"Quel design choisir pour son fauteuil de bureau\u00a0? - Navailles","isPartOf":{"@id":"https:\/\/www.navailles.fr\/#website"},"primaryImageOfPage":{"@id":"https:\/\/www.navailles.fr\/quel-design-choisir-pour-son-fauteuil-de-bureau\/#primaryimage"},"image":{"@id":"https:\/\/www.navailles.fr\/quel-design-choisir-pour-son-fauteuil-de-bureau\/#primaryimage"},"thumbnailUrl":"https:\/\/www.navailles.fr\/wp-content\/uploads\/2022\/07\/Copie-de-Photo-article-1.png","datePublished":"2022-07-12T07:58:00+00:00","dateModified":"2023-12-05T10:11:42+00:00","breadcrumb":{"@id":"https:\/\/www.navailles.fr\/quel-design-choisir-pour-son-fauteuil-de-bureau\/#breadcrumb"},"inLanguage":"en-GB","potentialAction":[{"@type":"ReadAction","target":["https:\/\/www.navailles.fr\/quel-design-choisir-pour-son-fauteuil-de-bureau\/"]}]},{"@type":"ImageObject","inLanguage":"en-GB","@id":"https:\/\/www.navailles.fr\/quel-design-choisir-pour-son-fauteuil-de-bureau\/#primaryimage","url":"https:\/\/www.navailles.fr\/wp-content\/uploads\/2022\/07\/Copie-de-Photo-article-1.png","contentUrl":"https:\/\/www.navailles.fr\/wp-content\/uploads\/2022\/07\/Copie-de-Photo-article-1.png","width":1500,"height":1000},{"@type":"BreadcrumbList","@id":"https:\/\/www.navailles.fr\/quel-design-choisir-pour-son-fauteuil-de-bureau\/#breadcrumb","itemListElement":[{"@type":"ListItem","position":1,"name":"Accueil","item":"https:\/\/www.navailles.fr\/"},{"@type":"ListItem","position":2,"name":"Quel design choisir pour son fauteuil de bureau\u00a0?"}]},{"@type":"WebSite","@id":"https:\/\/www.navailles.fr\/#website","url":"https:\/\/www.navailles.fr\/","name":"Navailles","description":"Fabricant de fauteuils m\u00e9dicalis\u00e9s, si\u00e8ges de bureau et tabourets techniques","publisher":{"@id":"https:\/\/www.navailles.fr\/#organization"},"potentialAction":[{"@type":"SearchAction","target":{"@type":"EntryPoint","urlTemplate":"https:\/\/www.navailles.fr\/?s={search_term_string}"},"query-input":{"@type":"PropertyValueSpecification","valueRequired":true,"valueName":"search_term_string"}}],"inLanguage":"en-GB"},{"@type":"Organization","@id":"https:\/\/www.navailles.fr\/#organization","name":"Navailles","url":"https:\/\/www.navailles.fr\/","logo":{"@type":"ImageObject","inLanguage":"en-GB","@id":"https:\/\/www.navailles.fr\/#\/schema\/logo\/image\/","url":"https:\/\/www.navailles.fr\/wp-content\/uploads\/2021\/10\/logo_site_navailles1_Plan-de-travail-1.png","contentUrl":"https:\/\/www.navailles.fr\/wp-content\/uploads\/2021\/10\/logo_site_navailles1_Plan-de-travail-1.png","width":375,"height":125,"caption":"Navailles"},"image":{"@id":"https:\/\/www.navailles.fr\/#\/schema\/logo\/image\/"}},{"@type":"Person","@id":"https:\/\/www.navailles.fr\/#\/schema\/person\/43c58a232c6abb3f7c8092753437d398","name":"admin","image":{"@type":"ImageObject","inLanguage":"en-GB","@id":"https:\/\/secure.gravatar.com\/avatar\/6badad8512700f2390ede55f4a188c59af42cb090eb8b608c55785b9460c9df0?s=96&d=mm&r=g","url":"https:\/\/secure.gravatar.com\/avatar\/6badad8512700f2390ede55f4a188c59af42cb090eb8b608c55785b9460c9df0?s=96&d=mm&r=g","contentUrl":"https:\/\/secure.gravatar.com\/avatar\/6badad8512700f2390ede55f4a188c59af42cb090eb8b608c55785b9460c9df0?s=96&d=mm&r=g","caption":"admin"},"sameAs":["https:\/\/navailles.fr"],"url":"https:\/\/www.navailles.fr\/en\/author\/admin\/"}]}},"_links":{"self":[{"href":"https:\/\/www.navailles.fr\/en\/wp-json\/wp\/v2\/posts\/33867","targetHints":{"allow":["GET"]}}],"collection":[{"href":"https:\/\/www.navailles.fr\/en\/wp-json\/wp\/v2\/posts"}],"about":[{"href":"https:\/\/www.navailles.fr\/en\/wp-json\/wp\/v2\/types\/post"}],"author":[{"embeddable":true,"href":"https:\/\/www.navailles.fr\/en\/wp-json\/wp\/v2\/users\/1"}],"replies":[{"embeddable":true,"href":"https:\/\/www.navailles.fr\/en\/wp-json\/wp\/v2\/comments?post=33867"}],"version-history":[{"count":4,"href":"https:\/\/www.navailles.fr\/en\/wp-json\/wp\/v2\/posts\/33867\/revisions"}],"predecessor-version":[{"id":33873,"href":"https:\/\/www.navailles.fr\/en\/wp-json\/wp\/v2\/posts\/33867\/revisions\/33873"}],"wp:featuredmedia":[{"embeddable":true,"href":"https:\/\/www.navailles.fr\/en\/wp-json\/wp\/v2\/media\/33870"}],"wp:attachment":[{"href":"https:\/\/www.navailles.fr\/en\/wp-json\/wp\/v2\/media?parent=33867"}],"wp:term":[{"taxonomy":"category","embeddable":true,"href":"https:\/\/www.navailles.fr\/en\/wp-json\/wp\/v2\/categories?post=33867"},{"taxonomy":"post_tag","embeddable":true,"href":"https:\/\/www.navailles.fr\/en\/wp-json\/wp\/v2\/tags?post=33867"}],"curies":[{"name":"wp","href":"https:\/\/api.w.org\/{rel}","templated":true}]}}