{"id":29073,"date":"2021-10-07T11:51:07","date_gmt":"2021-10-07T09:51:07","guid":{"rendered":"https:\/\/www.navailles.fr\/?p=29073"},"modified":"2021-11-17T16:07:25","modified_gmt":"2021-11-17T15:07:25","slug":"navailles-esdl","status":"publish","type":"post","link":"https:\/\/www.navailles.fr\/en\/navailles-esdl\/","title":{"rendered":"NAVAILLES &#038; L&rsquo;ESDL"},"content":{"rendered":"<div data-elementor-type=\"wp-post\" data-elementor-id=\"29073\" class=\"elementor elementor-29073\" data-elementor-post-type=\"post\">\n\t\t\t\t\t\t<section class=\"elementor-section elementor-top-section elementor-element elementor-element-8490f76 elementor-section-boxed elementor-section-height-default elementor-section-height-default\" data-id=\"8490f76\" data-element_type=\"section\" data-e-type=\"section\">\n\t\t\t\t\t\t<div class=\"elementor-container elementor-column-gap-default\">\n\t\t\t\t\t<div class=\"elementor-column elementor-col-100 elementor-top-column elementor-element elementor-element-1e363b8\" data-id=\"1e363b8\" data-element_type=\"column\" data-e-type=\"column\">\n\t\t\t<div class=\"elementor-widget-wrap elementor-element-populated\">\n\t\t\t\t\t\t\t<\/div>\n\t\t<\/div>\n\t\t\t\t\t<\/div>\n\t\t<\/section>\n\t\t\t\t<section class=\"elementor-section elementor-top-section elementor-element elementor-element-2274761 elementor-section-boxed elementor-section-height-default elementor-section-height-default\" data-id=\"2274761\" data-element_type=\"section\" data-e-type=\"section\">\n\t\t\t\t\t\t<div class=\"elementor-container elementor-column-gap-default\">\n\t\t\t\t\t<div class=\"elementor-column elementor-col-100 elementor-top-column elementor-element elementor-element-4464b9b\" data-id=\"4464b9b\" data-element_type=\"column\" data-e-type=\"column\">\n\t\t\t<div class=\"elementor-widget-wrap elementor-element-populated\">\n\t\t\t\t\t\t<div class=\"elementor-element elementor-element-77e13b3 elementor-widget elementor-widget-image\" data-id=\"77e13b3\" data-element_type=\"widget\" data-e-type=\"widget\" data-widget_type=\"image.default\">\n\t\t\t\t<div class=\"elementor-widget-container\">\n\t\t\t\t\t\t\t\t\t\t\t\t\t\t\t<img fetchpriority=\"high\" decoding=\"async\" width=\"1024\" height=\"683\" src=\"https:\/\/www.navailles.fr\/wp-content\/uploads\/2021\/10\/MicrosoftTeams-image-1024x683.jpg\" class=\"attachment-large size-large wp-image-29092\" alt=\"\" srcset=\"https:\/\/www.navailles.fr\/wp-content\/uploads\/2021\/10\/MicrosoftTeams-image-1024x683.jpg 1024w, https:\/\/www.navailles.fr\/wp-content\/uploads\/2021\/10\/MicrosoftTeams-image-1200x800.jpg 1200w, https:\/\/www.navailles.fr\/wp-content\/uploads\/2021\/10\/MicrosoftTeams-image-300x200.jpg 300w, https:\/\/www.navailles.fr\/wp-content\/uploads\/2021\/10\/MicrosoftTeams-image-768x512.jpg 768w, https:\/\/www.navailles.fr\/wp-content\/uploads\/2021\/10\/MicrosoftTeams-image-1536x1024.jpg 1536w, https:\/\/www.navailles.fr\/wp-content\/uploads\/2021\/10\/MicrosoftTeams-image.jpg 2048w\" sizes=\"(max-width: 1024px) 100vw, 1024px\" \/>\t\t\t\t\t\t\t\t\t\t\t\t\t\t\t<\/div>\n\t\t\t\t<\/div>\n\t\t\t\t<div class=\"elementor-element elementor-element-877f668 elementor-widget elementor-widget-text-editor\" data-id=\"877f668\" data-element_type=\"widget\" data-e-type=\"widget\" data-widget_type=\"text-editor.default\">\n\t\t\t\t<div class=\"elementor-widget-container\">\n\t\t\t\t\t\t\t\t\t<p><span class=\"notion-enable-hover\" style=\"font-weight: 600;\" data-token-index=\"0\" data-reactroot=\"\">Tout savoir sur notre collaboration avec une \u00e9cole de Design Landaise\u00a0!<\/span><\/p><p>Chaque ann\u00e9e, Navailles forme des jeunes \u00e9tudiants en Bachelor Design et notamment des \u00e9tudiants de l\u2019\u00e9cole sup\u00e9rieure de Design des Landes (<a href=\"https:\/\/www.esdl.fr\/fr\/\">ESDL<\/a>). Cette \u00e9cole, bas\u00e9e \u00e0 Mont-de-Marsan et cr\u00e9\u00e9e en 2009 fait aujourd\u2019hui partie des plus grandes \u00e9coles sup\u00e9rieures de design fran\u00e7aises. Elle comptabilise plus de 200 \u00e9tudiants \u00e0 l\u2019ann\u00e9e et propose diff\u00e9rentes formations en Design, du Bachelor (Designer concepteur industriel, designer graphique ou encore designer produit) au Mast\u00e8re (Architecte d\u2019int\u00e9rieur, designer produit, Food design exp\u00e9riences).<\/p><p>Il y a six ans, une fondation a \u00e9t\u00e9 cr\u00e9\u00e9 (ESDL Education Design) par 12 membres dont Daniel DESMAREZ, notre directeur industriel. Cette fondation a pour objectif d&rsquo;accompagner et de soutenir financi\u00e8rement les \u00e9tudiants \u00e0 travers la r\u00e9colte de fonds pour cr\u00e9er des bourses, des subventions pour participer \u00e0 des salons (CES \u00e0 Las Vegas : Consumer Electronics Show).<\/p><p>\u00c9tant donn\u00e9 que nous sommes une Manufacture landaise, nous avons eu la chance d\u2019accueillir des \u00e9tudiants de l\u2019ESDL dans notre entreprise\u00a0! et notamment Julien Tomas en 2012, qui \u00e9tait en Licence design \u00e9coconception produit &amp; packaging. Il a travaill\u00e9 durant une ann\u00e9e au bureau d\u2019\u00e9tudes sur le projet \u00ab\u00a0My Maxence \u00bb.<\/p>\t\t\t\t\t\t\t\t<\/div>\n\t\t\t\t<\/div>\n\t\t\t\t\t<\/div>\n\t\t<\/div>\n\t\t\t\t\t<\/div>\n\t\t<\/section>\n\t\t\t\t<section class=\"elementor-section elementor-top-section elementor-element elementor-element-85a3b19 elementor-section-boxed elementor-section-height-default elementor-section-height-default\" data-id=\"85a3b19\" data-element_type=\"section\" data-e-type=\"section\">\n\t\t\t\t\t\t<div class=\"elementor-container elementor-column-gap-default\">\n\t\t\t\t\t<div class=\"elementor-column elementor-col-100 elementor-top-column elementor-element elementor-element-4e08b40\" data-id=\"4e08b40\" data-element_type=\"column\" data-e-type=\"column\">\n\t\t\t<div class=\"elementor-widget-wrap elementor-element-populated\">\n\t\t\t\t\t\t<div class=\"elementor-element elementor-element-c09eb01 elementor-widget elementor-widget-heading\" data-id=\"c09eb01\" data-element_type=\"widget\" data-e-type=\"widget\" data-widget_type=\"heading.default\">\n\t\t\t\t<div class=\"elementor-widget-container\">\n\t\t\t\t\t<h2 class=\"elementor-heading-title elementor-size-large\"><span style=\"font-weight: normal;font-size: medium\">MY MAXENCE, C'EST QUOI ? <\/span><\/h2>\t\t\t\t<\/div>\n\t\t\t\t<\/div>\n\t\t\t\t\t<\/div>\n\t\t<\/div>\n\t\t\t\t\t<\/div>\n\t\t<\/section>\n\t\t\t\t<section class=\"elementor-section elementor-top-section elementor-element elementor-element-25d709c elementor-section-boxed elementor-section-height-default elementor-section-height-default\" data-id=\"25d709c\" data-element_type=\"section\" data-e-type=\"section\">\n\t\t\t\t\t\t<div class=\"elementor-container elementor-column-gap-default\">\n\t\t\t\t\t<div class=\"elementor-column elementor-col-100 elementor-top-column elementor-element elementor-element-3a9cf5e\" data-id=\"3a9cf5e\" data-element_type=\"column\" data-e-type=\"column\">\n\t\t\t<div class=\"elementor-widget-wrap elementor-element-populated\">\n\t\t\t\t\t\t<div class=\"elementor-element elementor-element-7454b6d elementor-widget elementor-widget-text-editor\" data-id=\"7454b6d\" data-element_type=\"widget\" data-e-type=\"widget\" data-widget_type=\"text-editor.default\">\n\t\t\t\t<div class=\"elementor-widget-container\">\n\t\t\t\t\t\t\t\t\t<p><strong>Quelques d\u00e9tails sur notre chauffeuse\u2026<\/strong><\/p><p>Contemporaine, \u00e9l\u00e9gante et tendance, la chauffeuse My Maxence, c\u2019est le fauteuil id\u00e9al pour am\u00e9nager des espaces d&rsquo;accueil tout en proposant un confort optimal\u00a0! Gr\u00e2ce \u00e0 ses nombreuses options, vous avez la possibilit\u00e9 de personnaliser votre chauffeuse My Maxence et ainsi la rendre unique\u00a0!<\/p>\t\t\t\t\t\t\t\t<\/div>\n\t\t\t\t<\/div>\n\t\t\t\t\t<\/div>\n\t\t<\/div>\n\t\t\t\t\t<\/div>\n\t\t<\/section>\n\t\t\t\t<section class=\"elementor-section elementor-top-section elementor-element elementor-element-b6fa2c2 elementor-section-boxed elementor-section-height-default elementor-section-height-default\" data-id=\"b6fa2c2\" data-element_type=\"section\" data-e-type=\"section\">\n\t\t\t\t\t\t<div class=\"elementor-container elementor-column-gap-default\">\n\t\t\t\t\t<div class=\"elementor-column elementor-col-100 elementor-top-column elementor-element elementor-element-346f6a2\" data-id=\"346f6a2\" data-element_type=\"column\" data-e-type=\"column\">\n\t\t\t<div class=\"elementor-widget-wrap elementor-element-populated\">\n\t\t\t\t\t\t<div class=\"elementor-element elementor-element-2f29395 elementor-widget elementor-widget-heading\" data-id=\"2f29395\" data-element_type=\"widget\" data-e-type=\"widget\" data-widget_type=\"heading.default\">\n\t\t\t\t<div class=\"elementor-widget-container\">\n\t\t\t\t\t<h3 class=\"elementor-heading-title elementor-size-large\"><font size=\"3\"><span style=\"font-weight: normal\">MAIS COMMENT MY MAXENCE A \u00e9t\u00e9 pens\u00e9 ?<\/span><\/font><\/h3>\t\t\t\t<\/div>\n\t\t\t\t<\/div>\n\t\t\t\t\t<\/div>\n\t\t<\/div>\n\t\t\t\t\t<\/div>\n\t\t<\/section>\n\t\t\t\t<section class=\"elementor-section elementor-top-section elementor-element elementor-element-c93e4e8 elementor-section-boxed elementor-section-height-default elementor-section-height-default\" data-id=\"c93e4e8\" data-element_type=\"section\" data-e-type=\"section\">\n\t\t\t\t\t\t<div class=\"elementor-container elementor-column-gap-default\">\n\t\t\t\t\t<div class=\"elementor-column elementor-col-100 elementor-top-column elementor-element elementor-element-9ac6fc1\" data-id=\"9ac6fc1\" data-element_type=\"column\" data-e-type=\"column\">\n\t\t\t<div class=\"elementor-widget-wrap elementor-element-populated\">\n\t\t\t\t\t\t<div class=\"elementor-element elementor-element-3c2558d elementor-widget elementor-widget-text-editor\" data-id=\"3c2558d\" data-element_type=\"widget\" data-e-type=\"widget\" data-widget_type=\"text-editor.default\">\n\t\t\t\t<div class=\"elementor-widget-container\">\n\t\t\t\t\t\t\t\t\t<p><span class=\"notion-enable-hover\" style=\"font-weight: 600;\" data-token-index=\"0\" data-reactroot=\"\">On s\u2019est un peu inspir\u00e9 de Citro\u00ebn\u2026<\/span><\/p><p>Pour donner suite \u00e0 une demande de cr\u00e9ation de fauteuils d\u2019accueil, Julien Tomas a travaill\u00e9 durant 4 mois sur la conception de cette nouvelle gamme Navailles. L\u2019int\u00e9r\u00eat \u00e9tait de proposer une gamme de chauffeuses modernes et confortables pour r\u00e9pondre \u00e0 un besoin de fauteuils d\u2019accueil.<\/p><p>Au d\u00e9but du projet, Julien Tomas avait carte blanche pour proposer un design\u00a0! Et il s\u2019est inspir\u00e9 d\u2019un mod\u00e8le de voiture tr\u00e8s connu dans les ann\u00e9es 60 et qui a fait la renomm\u00e9e de la marque\u2026 la DS PALLAS de Citro\u00ebn\u00a0! Et oui la forme de notre chauffeuse a \u00e9t\u00e9 pens\u00e9 gr\u00e2ce \u00e0 ce mod\u00e8le vintage\u00a0!<\/p><p>C\u2019est ainsi que commence le processus de cr\u00e9ation d\u2019un nouveau fauteuil Navailles\u00a0! Du dessin \u00e0 la 3D, de la 3D au prototype et du prototype \u00e0 la production, c\u2019est ainsi que l\u2019histoire de My Maxence a commenc\u00e9. De l\u2019id\u00e9e \u00e0 la commercialisation, tout est con\u00e7u dans\u00a0<a href=\"https:\/\/www.navailles.fr\/en\/the-manufactory\/\">notre manufacture landaise<\/a>.<\/p>\t\t\t\t\t\t\t\t<\/div>\n\t\t\t\t<\/div>\n\t\t\t\t<div class=\"elementor-element elementor-element-7abe0d9 elementor-widget elementor-widget-image\" data-id=\"7abe0d9\" data-element_type=\"widget\" data-e-type=\"widget\" data-widget_type=\"image.default\">\n\t\t\t\t<div class=\"elementor-widget-container\">\n\t\t\t\t\t\t\t\t\t\t\t\t\t\t\t<img decoding=\"async\" width=\"1024\" height=\"682\" src=\"https:\/\/www.navailles.fr\/wp-content\/uploads\/2021\/10\/MicrosoftTeams-image-1-1024x682.jpg\" class=\"attachment-large size-large wp-image-29093\" alt=\"\" srcset=\"https:\/\/www.navailles.fr\/wp-content\/uploads\/2021\/10\/MicrosoftTeams-image-1-1024x682.jpg 1024w, https:\/\/www.navailles.fr\/wp-content\/uploads\/2021\/10\/MicrosoftTeams-image-1-1200x800.jpg 1200w, https:\/\/www.navailles.fr\/wp-content\/uploads\/2021\/10\/MicrosoftTeams-image-1-300x200.jpg 300w, https:\/\/www.navailles.fr\/wp-content\/uploads\/2021\/10\/MicrosoftTeams-image-1-768x512.jpg 768w, https:\/\/www.navailles.fr\/wp-content\/uploads\/2021\/10\/MicrosoftTeams-image-1.jpg 1280w\" sizes=\"(max-width: 1024px) 100vw, 1024px\" \/>\t\t\t\t\t\t\t\t\t\t\t\t\t\t\t<\/div>\n\t\t\t\t<\/div>\n\t\t\t\t\t<\/div>\n\t\t<\/div>\n\t\t\t\t\t<\/div>\n\t\t<\/section>\n\t\t\t\t<section class=\"elementor-section elementor-top-section elementor-element elementor-element-400d151 elementor-section-boxed elementor-section-height-default elementor-section-height-default\" data-id=\"400d151\" data-element_type=\"section\" data-e-type=\"section\">\n\t\t\t\t\t\t<div class=\"elementor-container elementor-column-gap-default\">\n\t\t\t\t\t<div class=\"elementor-column elementor-col-100 elementor-top-column elementor-element elementor-element-6254073\" data-id=\"6254073\" data-element_type=\"column\" data-e-type=\"column\">\n\t\t\t<div class=\"elementor-widget-wrap elementor-element-populated\">\n\t\t\t\t\t\t<div class=\"elementor-element elementor-element-9d7bd57 elementor-widget elementor-widget-heading\" data-id=\"9d7bd57\" data-element_type=\"widget\" data-e-type=\"widget\" data-widget_type=\"heading.default\">\n\t\t\t\t<div class=\"elementor-widget-container\">\n\t\t\t\t\t<h2 class=\"elementor-heading-title elementor-size-default\"><font size=\"3\"><span style=\"font-weight: normal\">MY MAXENCE : LA CHAUFFEUSE INTEMPORELLE<\/span><\/font><\/h2>\t\t\t\t<\/div>\n\t\t\t\t<\/div>\n\t\t\t\t\t<\/div>\n\t\t<\/div>\n\t\t\t\t\t<\/div>\n\t\t<\/section>\n\t\t\t\t<section class=\"elementor-section elementor-top-section elementor-element elementor-element-9f0396b elementor-section-boxed elementor-section-height-default elementor-section-height-default\" data-id=\"9f0396b\" data-element_type=\"section\" data-e-type=\"section\">\n\t\t\t\t\t\t<div class=\"elementor-container elementor-column-gap-default\">\n\t\t\t\t\t<div class=\"elementor-column elementor-col-100 elementor-top-column elementor-element elementor-element-1228f51\" data-id=\"1228f51\" data-element_type=\"column\" data-e-type=\"column\">\n\t\t\t<div class=\"elementor-widget-wrap elementor-element-populated\">\n\t\t\t\t\t\t<div class=\"elementor-element elementor-element-8d3eee0 elementor-widget elementor-widget-text-editor\" data-id=\"8d3eee0\" data-element_type=\"widget\" data-e-type=\"widget\" data-widget_type=\"text-editor.default\">\n\t\t\t\t<div class=\"elementor-widget-container\">\n\t\t\t\t\t\t\t\t\t<p>Ce projet a permis \u00e0 Julien Tomas de d\u00e9velopper ses comp\u00e9tences et de mettre sa cr\u00e9ativit\u00e9 au service de notre bureau d\u2019\u00e9tudes. Gr\u00e2ce \u00e0 lui, notre fauteuil d\u2019accueil \u00ab<a href=\"https:\/\/www.navailles.fr\/en\/boutique\/fauteuils-bureau\/accueillir\/my-maxence\/\">My Maxence<\/a> \u00bb fait aujourd\u2019hui parti de notre gamme accueil.<\/p><p>Cette chauffeuse est aujourd\u2019hui une pi\u00e8ce contemporaine, \u00e9l\u00e9gante et tendance, parfaite pour l\u2019am\u00e9nagement des espaces d\u2019accueil et une pi\u00e8ce phare de notre gamme bureau. Vous pouvez l\u2019associer facilement dans votre environnement gr\u00e2ce \u00e0 son look intemporel\u00a0et \u00e9pur\u00e9\u00a0!<\/p>\t\t\t\t\t\t\t\t<\/div>\n\t\t\t\t<\/div>\n\t\t\t\t\t<\/div>\n\t\t<\/div>\n\t\t\t\t\t<\/div>\n\t\t<\/section>\n\t\t\t\t<section class=\"elementor-section elementor-top-section elementor-element elementor-element-4b9b269 elementor-section-boxed elementor-section-height-default elementor-section-height-default\" data-id=\"4b9b269\" data-element_type=\"section\" data-e-type=\"section\">\n\t\t\t\t\t\t<div class=\"elementor-container elementor-column-gap-default\">\n\t\t\t\t\t<div class=\"elementor-column elementor-col-33 elementor-top-column elementor-element elementor-element-0a09756\" data-id=\"0a09756\" data-element_type=\"column\" data-e-type=\"column\">\n\t\t\t<div class=\"elementor-widget-wrap elementor-element-populated\">\n\t\t\t\t\t\t<div class=\"elementor-element elementor-element-150fb0a elementor-widget elementor-widget-image\" data-id=\"150fb0a\" data-element_type=\"widget\" data-e-type=\"widget\" data-widget_type=\"image.default\">\n\t\t\t\t<div class=\"elementor-widget-container\">\n\t\t\t\t\t\t\t\t\t\t\t\t\t\t\t<img decoding=\"async\" width=\"1024\" height=\"576\" src=\"https:\/\/www.navailles.fr\/wp-content\/uploads\/2021\/10\/MY-MAXENCE-ANGLE-OUVERT_avant-droite-1024x576.png\" class=\"attachment-large size-large wp-image-29082\" alt=\"\" srcset=\"https:\/\/www.navailles.fr\/wp-content\/uploads\/2021\/10\/MY-MAXENCE-ANGLE-OUVERT_avant-droite-1024x576.png 1024w, https:\/\/www.navailles.fr\/wp-content\/uploads\/2021\/10\/MY-MAXENCE-ANGLE-OUVERT_avant-droite-1200x675.png 1200w, https:\/\/www.navailles.fr\/wp-content\/uploads\/2021\/10\/MY-MAXENCE-ANGLE-OUVERT_avant-droite-300x169.png 300w, https:\/\/www.navailles.fr\/wp-content\/uploads\/2021\/10\/MY-MAXENCE-ANGLE-OUVERT_avant-droite-768x432.png 768w, https:\/\/www.navailles.fr\/wp-content\/uploads\/2021\/10\/MY-MAXENCE-ANGLE-OUVERT_avant-droite-1536x864.png 1536w, https:\/\/www.navailles.fr\/wp-content\/uploads\/2021\/10\/MY-MAXENCE-ANGLE-OUVERT_avant-droite-2048x1152.png 2048w\" sizes=\"(max-width: 1024px) 100vw, 1024px\" \/>\t\t\t\t\t\t\t\t\t\t\t\t\t\t\t<\/div>\n\t\t\t\t<\/div>\n\t\t\t\t\t<\/div>\n\t\t<\/div>\n\t\t\t\t<div class=\"elementor-column elementor-col-33 elementor-top-column elementor-element elementor-element-3cf86e3\" data-id=\"3cf86e3\" data-element_type=\"column\" data-e-type=\"column\">\n\t\t\t<div class=\"elementor-widget-wrap elementor-element-populated\">\n\t\t\t\t\t\t<div class=\"elementor-element elementor-element-bf9d106 elementor-widget elementor-widget-image\" data-id=\"bf9d106\" data-element_type=\"widget\" data-e-type=\"widget\" data-widget_type=\"image.default\">\n\t\t\t\t<div class=\"elementor-widget-container\">\n\t\t\t\t\t\t\t\t\t\t\t\t\t\t\t<img loading=\"lazy\" decoding=\"async\" width=\"1024\" height=\"576\" src=\"https:\/\/www.navailles.fr\/wp-content\/uploads\/2021\/10\/MY-MAXENCE_avant-droite_02-1024x576.png\" class=\"attachment-large size-large wp-image-29083\" alt=\"\" srcset=\"https:\/\/www.navailles.fr\/wp-content\/uploads\/2021\/10\/MY-MAXENCE_avant-droite_02-1024x576.png 1024w, https:\/\/www.navailles.fr\/wp-content\/uploads\/2021\/10\/MY-MAXENCE_avant-droite_02-1200x675.png 1200w, https:\/\/www.navailles.fr\/wp-content\/uploads\/2021\/10\/MY-MAXENCE_avant-droite_02-300x169.png 300w, https:\/\/www.navailles.fr\/wp-content\/uploads\/2021\/10\/MY-MAXENCE_avant-droite_02-768x432.png 768w, https:\/\/www.navailles.fr\/wp-content\/uploads\/2021\/10\/MY-MAXENCE_avant-droite_02-1536x864.png 1536w, https:\/\/www.navailles.fr\/wp-content\/uploads\/2021\/10\/MY-MAXENCE_avant-droite_02-2048x1152.png 2048w\" sizes=\"(max-width: 1024px) 100vw, 1024px\" \/>\t\t\t\t\t\t\t\t\t\t\t\t\t\t\t<\/div>\n\t\t\t\t<\/div>\n\t\t\t\t\t<\/div>\n\t\t<\/div>\n\t\t\t\t<div class=\"elementor-column elementor-col-33 elementor-top-column elementor-element elementor-element-8afc720\" data-id=\"8afc720\" data-element_type=\"column\" data-e-type=\"column\">\n\t\t\t<div class=\"elementor-widget-wrap elementor-element-populated\">\n\t\t\t\t\t\t<div class=\"elementor-element elementor-element-71ea030 elementor-widget elementor-widget-image\" data-id=\"71ea030\" data-element_type=\"widget\" data-e-type=\"widget\" data-widget_type=\"image.default\">\n\t\t\t\t<div class=\"elementor-widget-container\">\n\t\t\t\t\t\t\t\t\t\t\t\t\t\t\t<img loading=\"lazy\" decoding=\"async\" width=\"1024\" height=\"576\" src=\"https:\/\/www.navailles.fr\/wp-content\/uploads\/2021\/10\/MY-MAXENCE-ANGLE_avant-droite_02-1024x576.png\" class=\"attachment-large size-large wp-image-29084\" alt=\"\" srcset=\"https:\/\/www.navailles.fr\/wp-content\/uploads\/2021\/10\/MY-MAXENCE-ANGLE_avant-droite_02-1024x576.png 1024w, https:\/\/www.navailles.fr\/wp-content\/uploads\/2021\/10\/MY-MAXENCE-ANGLE_avant-droite_02-1200x675.png 1200w, https:\/\/www.navailles.fr\/wp-content\/uploads\/2021\/10\/MY-MAXENCE-ANGLE_avant-droite_02-300x169.png 300w, https:\/\/www.navailles.fr\/wp-content\/uploads\/2021\/10\/MY-MAXENCE-ANGLE_avant-droite_02-768x432.png 768w, https:\/\/www.navailles.fr\/wp-content\/uploads\/2021\/10\/MY-MAXENCE-ANGLE_avant-droite_02-1536x864.png 1536w, https:\/\/www.navailles.fr\/wp-content\/uploads\/2021\/10\/MY-MAXENCE-ANGLE_avant-droite_02-2048x1152.png 2048w\" sizes=\"(max-width: 1024px) 100vw, 1024px\" \/>\t\t\t\t\t\t\t\t\t\t\t\t\t\t\t<\/div>\n\t\t\t\t<\/div>\n\t\t\t\t\t<\/div>\n\t\t<\/div>\n\t\t\t\t\t<\/div>\n\t\t<\/section>\n\t\t\t\t<\/div>","protected":false},"excerpt":{"rendered":"<p>Tout savoir sur notre collaboration avec une \u00e9cole de Design Landaise\u00a0! Chaque ann\u00e9e, Navailles forme des jeunes \u00e9tudiants en Bachelor Design et notamment des \u00e9tudiants de l\u2019\u00e9cole sup\u00e9rieure de Design des Landes (ESDL). Cette \u00e9cole, bas\u00e9e \u00e0 Mont-de-Marsan et cr\u00e9\u00e9e en 2009 fait aujourd\u2019hui partie des plus grandes \u00e9coles sup\u00e9rieures de design fran\u00e7aises. Elle comptabilise &hellip;<\/p>\n<p class=\"read-more\"> <a class=\"\" href=\"https:\/\/www.navailles.fr\/en\/navailles-esdl\/\"> <span class=\"screen-reader-text\">NAVAILLES &#038; L&rsquo;ESDL<\/span> Read More &raquo;<\/a><\/p>","protected":false},"author":1,"featured_media":29084,"comment_status":"open","ping_status":"open","sticky":false,"template":"elementor_theme","format":"standard","meta":{"_acf_changed":false,"content-type":"","site-sidebar-layout":"default","site-content-layout":"default","ast-global-header-display":"","ast-banner-title-visibility":"","ast-main-header-display":"","ast-hfb-above-header-display":"","ast-hfb-below-header-display":"","ast-hfb-mobile-header-display":"","site-post-title":"","ast-breadcrumbs-content":"","ast-featured-img":"","footer-sml-layout":"","theme-transparent-header-meta":"default","adv-header-id-meta":"","stick-header-meta":"default","header-above-stick-meta":"","header-main-stick-meta":"","header-below-stick-meta":"","footnotes":""},"categories":[41],"tags":[],"class_list":["post-29073","post","type-post","status-publish","format-standard","has-post-thumbnail","hentry","category-actualites"],"acf":[],"yoast_head":"<!-- This site is optimized with the Yoast SEO plugin v27.5 - https:\/\/yoast.com\/product\/yoast-seo-wordpress\/ -->\n<title>NAVAILLES &amp; L&#039;ESDL - Navailles<\/title>\n<meta name=\"robots\" content=\"index, follow, max-snippet:-1, max-image-preview:large, max-video-preview:-1\" \/>\n<link rel=\"canonical\" href=\"https:\/\/www.navailles.fr\/en\/navailles-esdl\/\" \/>\n<meta property=\"og:locale\" content=\"en_GB\" \/>\n<meta property=\"og:type\" content=\"article\" \/>\n<meta property=\"og:title\" content=\"NAVAILLES &amp; L&#039;ESDL - Navailles\" \/>\n<meta property=\"og:description\" content=\"Tout savoir sur notre collaboration avec une \u00e9cole de Design Landaise\u00a0! Chaque ann\u00e9e, Navailles forme des jeunes \u00e9tudiants en Bachelor Design et notamment des \u00e9tudiants de l\u2019\u00e9cole sup\u00e9rieure de Design des Landes (ESDL). Cette \u00e9cole, bas\u00e9e \u00e0 Mont-de-Marsan et cr\u00e9\u00e9e en 2009 fait aujourd\u2019hui partie des plus grandes \u00e9coles sup\u00e9rieures de design fran\u00e7aises. Elle comptabilise &hellip; NAVAILLES &#038; L&rsquo;ESDL Read More &raquo;\" \/>\n<meta property=\"og:url\" content=\"https:\/\/www.navailles.fr\/en\/navailles-esdl\/\" \/>\n<meta property=\"og:site_name\" content=\"Navailles\" \/>\n<meta property=\"article:published_time\" content=\"2021-10-07T09:51:07+00:00\" \/>\n<meta property=\"article:modified_time\" content=\"2021-11-17T15:07:25+00:00\" \/>\n<meta property=\"og:image\" content=\"https:\/\/www.navailles.fr\/wp-content\/uploads\/2021\/10\/MY-MAXENCE-ANGLE_avant-droite_02-1024x576.png\" \/>\n\t<meta property=\"og:image:width\" content=\"1024\" \/>\n\t<meta property=\"og:image:height\" content=\"576\" \/>\n\t<meta property=\"og:image:type\" content=\"image\/png\" \/>\n<meta name=\"author\" content=\"admin\" \/>\n<meta name=\"twitter:card\" content=\"summary_large_image\" \/>\n<meta name=\"twitter:label1\" content=\"Written by\" \/>\n\t<meta name=\"twitter:data1\" content=\"admin\" \/>\n\t<meta name=\"twitter:label2\" content=\"Estimated reading time\" \/>\n\t<meta name=\"twitter:data2\" content=\"4 minutes\" \/>\n<!-- \/ Yoast SEO plugin. -->","yoast_head_json":{"title":"NAVAILLES & L'ESDL - Navailles","robots":{"index":"index","follow":"follow","max-snippet":"max-snippet:-1","max-image-preview":"max-image-preview:large","max-video-preview":"max-video-preview:-1"},"canonical":"https:\/\/www.navailles.fr\/en\/navailles-esdl\/","og_locale":"en_GB","og_type":"article","og_title":"NAVAILLES & L'ESDL - Navailles","og_description":"Tout savoir sur notre collaboration avec une \u00e9cole de Design Landaise\u00a0! Chaque ann\u00e9e, Navailles forme des jeunes \u00e9tudiants en Bachelor Design et notamment des \u00e9tudiants de l\u2019\u00e9cole sup\u00e9rieure de Design des Landes (ESDL). Cette \u00e9cole, bas\u00e9e \u00e0 Mont-de-Marsan et cr\u00e9\u00e9e en 2009 fait aujourd\u2019hui partie des plus grandes \u00e9coles sup\u00e9rieures de design fran\u00e7aises. Elle comptabilise &hellip; NAVAILLES &#038; L&rsquo;ESDL Read More &raquo;","og_url":"https:\/\/www.navailles.fr\/en\/navailles-esdl\/","og_site_name":"Navailles","article_published_time":"2021-10-07T09:51:07+00:00","article_modified_time":"2021-11-17T15:07:25+00:00","og_image":[{"width":1024,"height":576,"url":"https:\/\/www.navailles.fr\/wp-content\/uploads\/2021\/10\/MY-MAXENCE-ANGLE_avant-droite_02-1024x576.png","type":"image\/png"}],"author":"admin","twitter_card":"summary_large_image","twitter_misc":{"Written by":"admin","Estimated reading time":"4 minutes"},"schema":{"@context":"https:\/\/schema.org","@graph":[{"@type":"Article","@id":"https:\/\/www.navailles.fr\/navailles-esdl\/#article","isPartOf":{"@id":"https:\/\/www.navailles.fr\/navailles-esdl\/"},"author":{"name":"admin","@id":"https:\/\/www.navailles.fr\/#\/schema\/person\/43c58a232c6abb3f7c8092753437d398"},"headline":"NAVAILLES &#038; L&rsquo;ESDL","datePublished":"2021-10-07T09:51:07+00:00","dateModified":"2021-11-17T15:07:25+00:00","mainEntityOfPage":{"@id":"https:\/\/www.navailles.fr\/navailles-esdl\/"},"wordCount":547,"commentCount":0,"publisher":{"@id":"https:\/\/www.navailles.fr\/#organization"},"image":{"@id":"https:\/\/www.navailles.fr\/navailles-esdl\/#primaryimage"},"thumbnailUrl":"https:\/\/www.navailles.fr\/wp-content\/uploads\/2021\/10\/MY-MAXENCE-ANGLE_avant-droite_02.png","articleSection":["Actualit\u00e9s de la Manufacture Navailles"],"inLanguage":"en-GB","potentialAction":[{"@type":"CommentAction","name":"Comment","target":["https:\/\/www.navailles.fr\/navailles-esdl\/#respond"]}]},{"@type":"WebPage","@id":"https:\/\/www.navailles.fr\/navailles-esdl\/","url":"https:\/\/www.navailles.fr\/navailles-esdl\/","name":"NAVAILLES & L'ESDL - Navailles","isPartOf":{"@id":"https:\/\/www.navailles.fr\/#website"},"primaryImageOfPage":{"@id":"https:\/\/www.navailles.fr\/navailles-esdl\/#primaryimage"},"image":{"@id":"https:\/\/www.navailles.fr\/navailles-esdl\/#primaryimage"},"thumbnailUrl":"https:\/\/www.navailles.fr\/wp-content\/uploads\/2021\/10\/MY-MAXENCE-ANGLE_avant-droite_02.png","datePublished":"2021-10-07T09:51:07+00:00","dateModified":"2021-11-17T15:07:25+00:00","breadcrumb":{"@id":"https:\/\/www.navailles.fr\/navailles-esdl\/#breadcrumb"},"inLanguage":"en-GB","potentialAction":[{"@type":"ReadAction","target":["https:\/\/www.navailles.fr\/navailles-esdl\/"]}]},{"@type":"ImageObject","inLanguage":"en-GB","@id":"https:\/\/www.navailles.fr\/navailles-esdl\/#primaryimage","url":"https:\/\/www.navailles.fr\/wp-content\/uploads\/2021\/10\/MY-MAXENCE-ANGLE_avant-droite_02.png","contentUrl":"https:\/\/www.navailles.fr\/wp-content\/uploads\/2021\/10\/MY-MAXENCE-ANGLE_avant-droite_02.png","width":3840,"height":2160},{"@type":"BreadcrumbList","@id":"https:\/\/www.navailles.fr\/navailles-esdl\/#breadcrumb","itemListElement":[{"@type":"ListItem","position":1,"name":"Accueil","item":"https:\/\/www.navailles.fr\/"},{"@type":"ListItem","position":2,"name":"NAVAILLES &#038; L&#8217;ESDL"}]},{"@type":"WebSite","@id":"https:\/\/www.navailles.fr\/#website","url":"https:\/\/www.navailles.fr\/","name":"Navailles","description":"Fabricant de fauteuils m\u00e9dicalis\u00e9s, si\u00e8ges de bureau et tabourets techniques","publisher":{"@id":"https:\/\/www.navailles.fr\/#organization"},"potentialAction":[{"@type":"SearchAction","target":{"@type":"EntryPoint","urlTemplate":"https:\/\/www.navailles.fr\/?s={search_term_string}"},"query-input":{"@type":"PropertyValueSpecification","valueRequired":true,"valueName":"search_term_string"}}],"inLanguage":"en-GB"},{"@type":"Organization","@id":"https:\/\/www.navailles.fr\/#organization","name":"Navailles","url":"https:\/\/www.navailles.fr\/","logo":{"@type":"ImageObject","inLanguage":"en-GB","@id":"https:\/\/www.navailles.fr\/#\/schema\/logo\/image\/","url":"https:\/\/www.navailles.fr\/wp-content\/uploads\/2021\/10\/logo_site_navailles1_Plan-de-travail-1.png","contentUrl":"https:\/\/www.navailles.fr\/wp-content\/uploads\/2021\/10\/logo_site_navailles1_Plan-de-travail-1.png","width":375,"height":125,"caption":"Navailles"},"image":{"@id":"https:\/\/www.navailles.fr\/#\/schema\/logo\/image\/"}},{"@type":"Person","@id":"https:\/\/www.navailles.fr\/#\/schema\/person\/43c58a232c6abb3f7c8092753437d398","name":"admin","image":{"@type":"ImageObject","inLanguage":"en-GB","@id":"https:\/\/secure.gravatar.com\/avatar\/6badad8512700f2390ede55f4a188c59af42cb090eb8b608c55785b9460c9df0?s=96&d=mm&r=g","url":"https:\/\/secure.gravatar.com\/avatar\/6badad8512700f2390ede55f4a188c59af42cb090eb8b608c55785b9460c9df0?s=96&d=mm&r=g","contentUrl":"https:\/\/secure.gravatar.com\/avatar\/6badad8512700f2390ede55f4a188c59af42cb090eb8b608c55785b9460c9df0?s=96&d=mm&r=g","caption":"admin"},"sameAs":["https:\/\/navailles.fr"],"url":"https:\/\/www.navailles.fr\/en\/author\/admin\/"}]}},"_links":{"self":[{"href":"https:\/\/www.navailles.fr\/en\/wp-json\/wp\/v2\/posts\/29073","targetHints":{"allow":["GET"]}}],"collection":[{"href":"https:\/\/www.navailles.fr\/en\/wp-json\/wp\/v2\/posts"}],"about":[{"href":"https:\/\/www.navailles.fr\/en\/wp-json\/wp\/v2\/types\/post"}],"author":[{"embeddable":true,"href":"https:\/\/www.navailles.fr\/en\/wp-json\/wp\/v2\/users\/1"}],"replies":[{"embeddable":true,"href":"https:\/\/www.navailles.fr\/en\/wp-json\/wp\/v2\/comments?post=29073"}],"version-history":[{"count":11,"href":"https:\/\/www.navailles.fr\/en\/wp-json\/wp\/v2\/posts\/29073\/revisions"}],"predecessor-version":[{"id":29480,"href":"https:\/\/www.navailles.fr\/en\/wp-json\/wp\/v2\/posts\/29073\/revisions\/29480"}],"wp:featuredmedia":[{"embeddable":true,"href":"https:\/\/www.navailles.fr\/en\/wp-json\/wp\/v2\/media\/29084"}],"wp:attachment":[{"href":"https:\/\/www.navailles.fr\/en\/wp-json\/wp\/v2\/media?parent=29073"}],"wp:term":[{"taxonomy":"category","embeddable":true,"href":"https:\/\/www.navailles.fr\/en\/wp-json\/wp\/v2\/categories?post=29073"},{"taxonomy":"post_tag","embeddable":true,"href":"https:\/\/www.navailles.fr\/en\/wp-json\/wp\/v2\/tags?post=29073"}],"curies":[{"name":"wp","href":"https:\/\/api.w.org\/{rel}","templated":true}]}}