{"id":21658,"date":"2021-05-18T16:13:45","date_gmt":"2021-05-18T14:13:45","guid":{"rendered":"http:\/\/navailles-staging.tripoint.odns.fr\/?p=21658"},"modified":"2021-11-17T16:31:42","modified_gmt":"2021-11-17T15:31:42","slug":"lancement-du-gaia-bois-de-navailles","status":"publish","type":"post","link":"https:\/\/www.navailles.fr\/en\/lancement-du-gaia-bois-de-navailles\/","title":{"rendered":"Lancement du GA\u00cfA BOIS de Navailles"},"content":{"rendered":"<div data-elementor-type=\"wp-post\" data-elementor-id=\"21658\" class=\"elementor elementor-21658\" data-elementor-post-type=\"post\">\n\t\t\t\t\t\t<section class=\"elementor-section elementor-top-section elementor-element elementor-element-5a009ef elementor-section-boxed elementor-section-height-default elementor-section-height-default\" data-id=\"5a009ef\" data-element_type=\"section\" data-e-type=\"section\">\n\t\t\t\t\t\t<div class=\"elementor-container elementor-column-gap-default\">\n\t\t\t\t\t<div class=\"elementor-column elementor-col-100 elementor-top-column elementor-element elementor-element-6ea09bd5\" data-id=\"6ea09bd5\" data-element_type=\"column\" data-e-type=\"column\">\n\t\t\t<div class=\"elementor-widget-wrap elementor-element-populated\">\n\t\t\t\t\t\t<div class=\"elementor-element elementor-element-355ecec0 elementor-widget elementor-widget-text-editor\" data-id=\"355ecec0\" data-element_type=\"widget\" data-e-type=\"widget\" data-widget_type=\"text-editor.default\">\n\t\t\t\t<div class=\"elementor-widget-container\">\n\t\t\t\t\t\t\t\t\t<p>D\u00e9couvrez les avantages de la nouvelle gamme m\u00e9dicale organique de Navailles avec la sortie du Gaia Bois, un fauteuil m\u00e9dical de repos et de relaxation pour les EHPAD et les maisons de retraite.<\/p>\n<p>Entrez dans une nouvelle \u00e8re de la relaxation et de repos avec le lancement de notre Gaia Bois. Un fauteuil m\u00e9dical, destin\u00e9 \u00e0 am\u00e9nager vos espaces de repos et de convalescence, avec une finition bois organique qui participe au bien-\u00eatre des patients et \u00e0 la transformation des espaces de soins.<\/p>\n<h2><strong>Un fauteuil m\u00e9dical 100% #MadeInFrance.<\/strong><\/h2>\n<p>Le fauteuil Gaia Bois de Navailles est un fauteuil m\u00e9dical 100 % Made In France. Con\u00e7u, \u00e9labor\u00e9 et fabriqu\u00e9 \u00e0 la main dans notre usine du Sud Ouest de la France, il incarne l\u2019excellence du <a href=\"https:\/\/www.navailles.fr\/index.php\/la-manufacture\/ateliers-francais\/\">savoir-faire fran\u00e7ais<\/a> et l\u2019innovation des ateliers Navailles.<\/p>\n<h2><strong>Un fauteuil m\u00e9dical en bois PEFC<\/strong><\/h2>\n<p>L\u2019habillage et structure en h\u00eatre, labelis\u00e9 PEFC, modifie compl\u00e8tement le design et la perception de ce fauteuil m\u00e9dical. Issu d\u2019une gestion durable, du respect de la biodiversit\u00e9 et de l\u2019exploitation raisonn\u00e9e de la for\u00eat, ce label apporte toutes les garanties au consommateur d\u2019un achat responsable et \u00e9thique.<\/p>\n<p>Nous avons s\u00e9lectionn\u00e9 cette essence pour ses qualit\u00e9s intrins\u00e8ques. Le h\u00eatre apporte de la chaleur, de l\u2019\u00e9quilibre et une harmonie esth\u00e9tique. Tr\u00e8s utilis\u00e9e pour la sculpture, la menuiserie et l\u2019\u00e9b\u00e9nisterie en raison de ses qualit\u00e9s et sa robustesse, son insertion dans le design d\u00e9veloppe une nouvelle dimension \u00e0 nos fauteuils m\u00e9dicaux. Avec sa touche organique et raffin\u00e9e, il am\u00e9liore le cadre de vie des patients et participe \u00e0 leur bien-\u00eatre<\/p>\n<h2><strong style=\"font-style: inherit;\">Un fauteuil m\u00e9dical crossover qui passe partout.<\/strong><\/h2>\n<p>Le Gaia Bois r\u00e9pond au cahier des charges et reprend toutes les fonctionnalit\u00e9s d\u2019un fauteuil m\u00e9dical classique :<\/p>\n<ul>\n<li>confort du patient<\/li>\n<li>ergonomie des soins<\/li>\n<li>caract\u00e9ristiques techniques<\/li>\n<li>caract\u00e9ristiques sanitaires<\/li>\n<li>encombrement<\/li>\n<li>poids<\/li>\n<li>maniabilit\u00e9&#8230;<\/li>\n<\/ul>\n<p><span style=\"font-style: inherit; font-weight: inherit;\">Mais pour aller plus loin, nous souhaitions injecter une touche design, plus naturelle et chaleureuse, afin de symboliser notre volont\u00e9 d\u2019humaniser les espaces m\u00e9dico-sociaux. Con\u00e7u pour \u00e9quiper les espaces de repos des cliniques, EHPAD, maisons de soins et de retraite mais \u00e9galement les programmes d\u2019Hospitalisation \u00e0 Domicile, le Gaia Bois s\u2019adapte harmonieusement \u00e0 tous les environnements.<\/span><\/p>\n<h2><strong>Un fauteuil m\u00e9dical dynamique et modulaire<\/strong><\/h2>\n<p>Dans cette logique d\u2019humanisation et d\u2019esprit pop, nous avons souhait\u00e9 d\u00e9velopper un fauteuil dynamique et modulaire qui vous offre une grande libert\u00e9 afin de cr\u00e9er des solutions d\u2019am\u00e9nagement personnalis\u00e9es. Disponible en version fixe, mobile et bient\u00f4t \u00e9lectrique, amusez-vous \u00e0 combiner les rev\u00eatements et les couleurs dans notre configurateur 3D pour cr\u00e9er le fauteuil de vos r\u00eaves et qui correspond v\u00e9ritablement \u00e0 vos envies.<\/p>\n<h2><strong>Confort et simplicit\u00e9 d&rsquo;utilisation<\/strong><\/h2>\n<p>Un fauteuil simple, confortable et facile \u00e0 utiliser avec un design bienveillant. Voil\u00e0 le d\u00e9fi relev\u00e9 par notre bureau d\u2019\u00e9tudes pour la conception du Gaia Bois. Remarquable par sa robustesse, sa polyvalence et son ergonomie, sa conception en h\u00eatre (labellis\u00e9 PEFC), sa gamme compl\u00e8te de rev\u00eatements et d\u2019accessoires vous permettent d\u2019\u00e9quiper facilement vos espaces de repos et de soins avec un v\u00e9ritable fauteuil m\u00e9dical au look plus harmonieux, r\u00e9sidentiel et domestique.<\/p>\n<p>Ce fauteuil au service du r\u00e9sident apporte un soutien de haute qualit\u00e9 et une qualit\u00e9 d\u2019assise remarquable. Ces avantages ergonomiques sont \u00e9galement pr\u00e9sents dans l\u2019aide apport\u00e9e au personnel soignant pour l\u2019administration des soins en soulageant la p\u00e9nibilit\u00e9 des taches quotidiennes et en r\u00e9duisant le risque de TMS, Troubles Musculo-Squelettiques. Le fauteuil Gaia Bois apporte bien-\u00eatre et s\u00e9r\u00e9nit\u00e9 \u00e0 son utilisateur pour une bonne r\u00e9cup\u00e9ration physiologique et une position de relaxation optimum.<\/p>\n<blockquote>\n<p>C\u2019est notre double vision de l\u2019ergonomie : pour le confort du patient et le travail du personnel soignant.<\/p>\n<\/blockquote>\n<p><img decoding=\"async\" src=\"https:\/\/www.navailles.fr\/uploads\/news\/IMG_0362.jpg\" alt=\"\"><\/p>\n<h2><strong>Un concentr\u00e9 d\u2019innovation et de technicit\u00e9<\/strong><\/h2>\n<p>Techniquement le dossier et l\u2019assise sont synchronis\u00e9s pour optimiser la position de repos du patient avec une option pr\u00e9vention des escarres pour les assises longue dur\u00e9e.<\/p>\n<p>Disponible en version fixe ou mobile, son repose-pieds r\u00e9tractable, ses deux versions de synchronisation dossier \/ repose-jambes, ses 4 finitions de teinte et ses nombreuses possibilit\u00e9s d\u2019accessoirisation permettent une utilisation adapt\u00e9e \u00e0 toutes les situations de convalescence, tous les environnements, en optimisant les transferts, la s\u00e9curit\u00e9 et le confort du patient.<\/p>\n<h2><strong>Un fauteuil m\u00e9dical \u00ab\u00a0customisable\u00a0\u00bb selon vos envies<\/strong><\/h2>\n<p>Disponible en version fixe ou mobile, 4 finitions de teintes, 6 rev\u00eatements techniques et 186 coloris, customisez votre fauteuil m\u00e9dical aussi simplement qu&rsquo;une paire de sneakers avec notre configurateur 3D et projetez votre choix dans votre espace gr\u00e2ce \u00e0 l&rsquo;application <a href=\"https:\/\/www.navailles.fr\/en\/\">Navailles<\/a>, t\u00e9l\u00e9chargeable gratuitement IOS et Android.<\/p>\n<p><strong style=\"font-size: 24px; font-style: inherit; text-transform: inherit;\">Venez tester le confort, l\u2019ergonomie et cette formidable sensation de bien-\u00eatre que d\u00e9gage notre fauteuil m\u00e9dical Gaia Bois sp\u00e9cialement con\u00e7u pour am\u00e9liorer vos espaces de repos et de relaxation.<\/strong><\/p>\t\t\t\t\t\t\t\t<\/div>\n\t\t\t\t<\/div>\n\t\t\t\t\t<\/div>\n\t\t<\/div>\n\t\t\t\t\t<\/div>\n\t\t<\/section>\n\t\t\t\t<\/div>","protected":false},"excerpt":{"rendered":"<p>D\u00e9couvrez les avantages de la nouvelle gamme m\u00e9dicale organique de Navailles avec la sortie du Gaia Bois, un fauteuil m\u00e9dical de repos et de relaxation pour les EHPAD et les maisons de retraite. Entrez dans une nouvelle \u00e8re de la relaxation et de repos avec le lancement de notre Gaia Bois. Un fauteuil m\u00e9dical, destin\u00e9 &hellip;<\/p>\n<p class=\"read-more\"> <a class=\"\" href=\"https:\/\/www.navailles.fr\/en\/lancement-du-gaia-bois-de-navailles\/\"> <span class=\"screen-reader-text\">Lancement du GA\u00cfA BOIS de Navailles<\/span> Read More &raquo;<\/a><\/p>","protected":false},"author":2,"featured_media":26765,"comment_status":"open","ping_status":"open","sticky":false,"template":"elementor_theme","format":"standard","meta":{"_acf_changed":false,"content-type":"","site-sidebar-layout":"default","site-content-layout":"default","ast-global-header-display":"","ast-banner-title-visibility":"","ast-main-header-display":"","ast-hfb-above-header-display":"","ast-hfb-below-header-display":"","ast-hfb-mobile-header-display":"","site-post-title":"","ast-breadcrumbs-content":"","ast-featured-img":"","footer-sml-layout":"","theme-transparent-header-meta":"default","adv-header-id-meta":"","stick-header-meta":"default","header-above-stick-meta":"","header-main-stick-meta":"","header-below-stick-meta":"","footnotes":""},"categories":[40],"tags":[],"class_list":["post-21658","post","type-post","status-publish","format-standard","has-post-thumbnail","hentry","category-medical"],"acf":[],"yoast_head":"<!-- This site is optimized with the Yoast SEO plugin v27.4 - https:\/\/yoast.com\/product\/yoast-seo-wordpress\/ -->\n<title>Lancement du GA\u00cfA BOIS de Navailles - Navailles<\/title>\n<meta name=\"robots\" content=\"index, follow, max-snippet:-1, max-image-preview:large, max-video-preview:-1\" \/>\n<link rel=\"canonical\" href=\"https:\/\/www.navailles.fr\/en\/lancement-du-gaia-bois-de-navailles\/\" \/>\n<meta property=\"og:locale\" content=\"en_GB\" \/>\n<meta property=\"og:type\" content=\"article\" \/>\n<meta property=\"og:title\" content=\"Lancement du GA\u00cfA BOIS de Navailles - Navailles\" \/>\n<meta property=\"og:description\" content=\"D\u00e9couvrez les avantages de la nouvelle gamme m\u00e9dicale organique de Navailles avec la sortie du Gaia Bois, un fauteuil m\u00e9dical de repos et de relaxation pour les EHPAD et les maisons de retraite. Entrez dans une nouvelle \u00e8re de la relaxation et de repos avec le lancement de notre Gaia Bois. Un fauteuil m\u00e9dical, destin\u00e9 &hellip; Lancement du GA\u00cfA BOIS de Navailles Read More &raquo;\" \/>\n<meta property=\"og:url\" content=\"https:\/\/www.navailles.fr\/en\/lancement-du-gaia-bois-de-navailles\/\" \/>\n<meta property=\"og:site_name\" content=\"Navailles\" \/>\n<meta property=\"article:published_time\" content=\"2021-05-18T14:13:45+00:00\" \/>\n<meta property=\"article:modified_time\" content=\"2021-11-17T15:31:42+00:00\" \/>\n<meta property=\"og:image\" content=\"https:\/\/www.navailles.fr\/wp-content\/uploads\/2021\/04\/57b70d21633112eaae254740adcee8603597d835-1024x400-1.jpeg\" \/>\n\t<meta property=\"og:image:width\" content=\"1024\" \/>\n\t<meta property=\"og:image:height\" content=\"400\" \/>\n\t<meta property=\"og:image:type\" content=\"image\/jpeg\" \/>\n<meta name=\"author\" content=\"Team\" \/>\n<meta name=\"twitter:card\" content=\"summary_large_image\" \/>\n<meta name=\"twitter:label1\" content=\"Written by\" \/>\n\t<meta name=\"twitter:data1\" content=\"Team\" \/>\n\t<meta name=\"twitter:label2\" content=\"Estimated reading time\" \/>\n\t<meta name=\"twitter:data2\" content=\"4 minutes\" \/>\n<!-- \/ Yoast SEO plugin. -->","yoast_head_json":{"title":"Lancement du GA\u00cfA BOIS de Navailles - Navailles","robots":{"index":"index","follow":"follow","max-snippet":"max-snippet:-1","max-image-preview":"max-image-preview:large","max-video-preview":"max-video-preview:-1"},"canonical":"https:\/\/www.navailles.fr\/en\/lancement-du-gaia-bois-de-navailles\/","og_locale":"en_GB","og_type":"article","og_title":"Lancement du GA\u00cfA BOIS de Navailles - Navailles","og_description":"D\u00e9couvrez les avantages de la nouvelle gamme m\u00e9dicale organique de Navailles avec la sortie du Gaia Bois, un fauteuil m\u00e9dical de repos et de relaxation pour les EHPAD et les maisons de retraite. Entrez dans une nouvelle \u00e8re de la relaxation et de repos avec le lancement de notre Gaia Bois. Un fauteuil m\u00e9dical, destin\u00e9 &hellip; Lancement du GA\u00cfA BOIS de Navailles Read More &raquo;","og_url":"https:\/\/www.navailles.fr\/en\/lancement-du-gaia-bois-de-navailles\/","og_site_name":"Navailles","article_published_time":"2021-05-18T14:13:45+00:00","article_modified_time":"2021-11-17T15:31:42+00:00","og_image":[{"width":1024,"height":400,"url":"https:\/\/www.navailles.fr\/wp-content\/uploads\/2021\/04\/57b70d21633112eaae254740adcee8603597d835-1024x400-1.jpeg","type":"image\/jpeg"}],"author":"Team","twitter_card":"summary_large_image","twitter_misc":{"Written by":"Team","Estimated reading time":"4 minutes"},"schema":{"@context":"https:\/\/schema.org","@graph":[{"@type":"Article","@id":"https:\/\/www.navailles.fr\/lancement-du-gaia-bois-de-navailles\/#article","isPartOf":{"@id":"https:\/\/www.navailles.fr\/lancement-du-gaia-bois-de-navailles\/"},"author":{"name":"Team","@id":"https:\/\/www.navailles.fr\/#\/schema\/person\/3e0330fcaa5fdfea344476c7d6b4d26b"},"headline":"Lancement du GA\u00cfA BOIS de Navailles","datePublished":"2021-05-18T14:13:45+00:00","dateModified":"2021-11-17T15:31:42+00:00","mainEntityOfPage":{"@id":"https:\/\/www.navailles.fr\/lancement-du-gaia-bois-de-navailles\/"},"wordCount":843,"commentCount":0,"publisher":{"@id":"https:\/\/www.navailles.fr\/#organization"},"image":{"@id":"https:\/\/www.navailles.fr\/lancement-du-gaia-bois-de-navailles\/#primaryimage"},"thumbnailUrl":"https:\/\/www.navailles.fr\/wp-content\/uploads\/2021\/04\/57b70d21633112eaae254740adcee8603597d835-1024x400-1.jpeg","articleSection":["Actualit\u00e9s &amp; Conseils Univers M\u00e9dical"],"inLanguage":"en-GB","potentialAction":[{"@type":"CommentAction","name":"Comment","target":["https:\/\/www.navailles.fr\/lancement-du-gaia-bois-de-navailles\/#respond"]}]},{"@type":"WebPage","@id":"https:\/\/www.navailles.fr\/lancement-du-gaia-bois-de-navailles\/","url":"https:\/\/www.navailles.fr\/lancement-du-gaia-bois-de-navailles\/","name":"Lancement du GA\u00cfA BOIS de Navailles - Navailles","isPartOf":{"@id":"https:\/\/www.navailles.fr\/#website"},"primaryImageOfPage":{"@id":"https:\/\/www.navailles.fr\/lancement-du-gaia-bois-de-navailles\/#primaryimage"},"image":{"@id":"https:\/\/www.navailles.fr\/lancement-du-gaia-bois-de-navailles\/#primaryimage"},"thumbnailUrl":"https:\/\/www.navailles.fr\/wp-content\/uploads\/2021\/04\/57b70d21633112eaae254740adcee8603597d835-1024x400-1.jpeg","datePublished":"2021-05-18T14:13:45+00:00","dateModified":"2021-11-17T15:31:42+00:00","breadcrumb":{"@id":"https:\/\/www.navailles.fr\/lancement-du-gaia-bois-de-navailles\/#breadcrumb"},"inLanguage":"en-GB","potentialAction":[{"@type":"ReadAction","target":["https:\/\/www.navailles.fr\/lancement-du-gaia-bois-de-navailles\/"]}]},{"@type":"ImageObject","inLanguage":"en-GB","@id":"https:\/\/www.navailles.fr\/lancement-du-gaia-bois-de-navailles\/#primaryimage","url":"https:\/\/www.navailles.fr\/wp-content\/uploads\/2021\/04\/57b70d21633112eaae254740adcee8603597d835-1024x400-1.jpeg","contentUrl":"https:\/\/www.navailles.fr\/wp-content\/uploads\/2021\/04\/57b70d21633112eaae254740adcee8603597d835-1024x400-1.jpeg","width":1024,"height":400},{"@type":"BreadcrumbList","@id":"https:\/\/www.navailles.fr\/lancement-du-gaia-bois-de-navailles\/#breadcrumb","itemListElement":[{"@type":"ListItem","position":1,"name":"Accueil","item":"https:\/\/www.navailles.fr\/"},{"@type":"ListItem","position":2,"name":"Lancement du GA\u00cfA BOIS de Navailles"}]},{"@type":"WebSite","@id":"https:\/\/www.navailles.fr\/#website","url":"https:\/\/www.navailles.fr\/","name":"Navailles","description":"Fabricant de fauteuils m\u00e9dicalis\u00e9s, si\u00e8ges de bureau et tabourets techniques","publisher":{"@id":"https:\/\/www.navailles.fr\/#organization"},"potentialAction":[{"@type":"SearchAction","target":{"@type":"EntryPoint","urlTemplate":"https:\/\/www.navailles.fr\/?s={search_term_string}"},"query-input":{"@type":"PropertyValueSpecification","valueRequired":true,"valueName":"search_term_string"}}],"inLanguage":"en-GB"},{"@type":"Organization","@id":"https:\/\/www.navailles.fr\/#organization","name":"Navailles","url":"https:\/\/www.navailles.fr\/","logo":{"@type":"ImageObject","inLanguage":"en-GB","@id":"https:\/\/www.navailles.fr\/#\/schema\/logo\/image\/","url":"https:\/\/www.navailles.fr\/wp-content\/uploads\/2021\/10\/logo_site_navailles1_Plan-de-travail-1.png","contentUrl":"https:\/\/www.navailles.fr\/wp-content\/uploads\/2021\/10\/logo_site_navailles1_Plan-de-travail-1.png","width":375,"height":125,"caption":"Navailles"},"image":{"@id":"https:\/\/www.navailles.fr\/#\/schema\/logo\/image\/"}},{"@type":"Person","@id":"https:\/\/www.navailles.fr\/#\/schema\/person\/3e0330fcaa5fdfea344476c7d6b4d26b","name":"Team","image":{"@type":"ImageObject","inLanguage":"en-GB","@id":"https:\/\/secure.gravatar.com\/avatar\/?s=96&d=mm&r=g","url":"https:\/\/secure.gravatar.com\/avatar\/?s=96&d=mm&r=g","contentUrl":"https:\/\/secure.gravatar.com\/avatar\/?s=96&d=mm&r=g","caption":"Team"},"url":"https:\/\/www.navailles.fr\/en\/author\/team\/"}]}},"_links":{"self":[{"href":"https:\/\/www.navailles.fr\/en\/wp-json\/wp\/v2\/posts\/21658","targetHints":{"allow":["GET"]}}],"collection":[{"href":"https:\/\/www.navailles.fr\/en\/wp-json\/wp\/v2\/posts"}],"about":[{"href":"https:\/\/www.navailles.fr\/en\/wp-json\/wp\/v2\/types\/post"}],"author":[{"embeddable":true,"href":"https:\/\/www.navailles.fr\/en\/wp-json\/wp\/v2\/users\/2"}],"replies":[{"embeddable":true,"href":"https:\/\/www.navailles.fr\/en\/wp-json\/wp\/v2\/comments?post=21658"}],"version-history":[{"count":22,"href":"https:\/\/www.navailles.fr\/en\/wp-json\/wp\/v2\/posts\/21658\/revisions"}],"predecessor-version":[{"id":29550,"href":"https:\/\/www.navailles.fr\/en\/wp-json\/wp\/v2\/posts\/21658\/revisions\/29550"}],"wp:featuredmedia":[{"embeddable":true,"href":"https:\/\/www.navailles.fr\/en\/wp-json\/wp\/v2\/media\/26765"}],"wp:attachment":[{"href":"https:\/\/www.navailles.fr\/en\/wp-json\/wp\/v2\/media?parent=21658"}],"wp:term":[{"taxonomy":"category","embeddable":true,"href":"https:\/\/www.navailles.fr\/en\/wp-json\/wp\/v2\/categories?post=21658"},{"taxonomy":"post_tag","embeddable":true,"href":"https:\/\/www.navailles.fr\/en\/wp-json\/wp\/v2\/tags?post=21658"}],"curies":[{"name":"wp","href":"https:\/\/api.w.org\/{rel}","templated":true}]}}